{"id":2620,"date":"2024-01-28T11:33:39","date_gmt":"2024-01-28T10:33:39","guid":{"rendered":"https:\/\/www.mosigkau.net\/?p=2620"},"modified":"2024-01-28T11:36:14","modified_gmt":"2024-01-28T10:36:14","slug":"der-schlossgaertner","status":"publish","type":"post","link":"https:\/\/mosigkau-net.datel-dessau.de\/cms\/der-schlossgaertner\/","title":{"rendered":"Der Schlossg\u00e4rtner"},"content":{"rendered":"<h2>Bewahrer und K\u00e4mpfer<\/h2>\n<p>Warum dem G\u00e4rtner vom Schloss Mosigkau ein preisgekr\u00f6nter Film gewidmet ist<br \/>\nTom Schlansky, der Enkel des ersten Direktors von Schloss Mosigkau, hat \u00fcber den langj\u00e4hrigen Schlossg\u00e4rtner Ralph Wels einen Dokumentarfilm gedreht. Am Freitagabend, 26. Januar, hatte er Online-Premiere.<\/p>\n<p><iframe loading=\"lazy\" title=\"Der Schlossg\u00e4rtner | Pr\u00e4mierte Kurzdoku | 2024\" width=\"840\" height=\"473\" src=\"https:\/\/www.youtube.com\/embed\/Gqky5kl2lSI?feature=oembed\" frameborder=\"0\" allow=\"accelerometer; autoplay; clipboard-write; encrypted-media; gyroscope; picture-in-picture; web-share\" allowfullscreen><\/iframe><\/p>\n","protected":false},"excerpt":{"rendered":"<p>Bewahrer und K\u00e4mpfer Warum dem G\u00e4rtner vom Schloss Mosigkau ein preisgekr\u00f6nter Film gewidmet ist Tom Schlansky,<\/p>\n","protected":false},"author":2,"featured_media":2622,"comment_status":"closed","ping_status":"closed","sticky":false,"template":"","format":"standard","meta":{"footnotes":""},"categories":[14],"tags":[],"class_list":["post-2620","post","type-post","status-publish","format-standard","has-post-thumbnail","hentry","category-startseite"],"yoast_head":"<!-- This site is optimized with the Yoast SEO plugin v28.3 - https:\/\/yoast.com\/product\/yoast-seo-wordpress\/ -->\n<title>Der Schlossg\u00e4rtner - Mosigkau NET(T)<\/title>\n<meta name=\"robots\" content=\"index, follow, max-snippet:-1, max-image-preview:large, max-video-preview:-1\" \/>\n<link rel=\"canonical\" href=\"https:\/\/mosigkau-net.datel-dessau.de\/cms\/der-schlossgaertner\/\" \/>\n<meta property=\"og:locale\" content=\"de_DE\" \/>\n<meta property=\"og:type\" content=\"article\" \/>\n<meta property=\"og:title\" content=\"Der Schlossg\u00e4rtner - Mosigkau NET(T)\" \/>\n<meta property=\"og:description\" content=\"Bewahrer und K\u00e4mpfer Warum dem G\u00e4rtner vom Schloss Mosigkau ein preisgekr\u00f6nter Film gewidmet ist Tom Schlansky,\" \/>\n<meta property=\"og:url\" content=\"https:\/\/mosigkau-net.datel-dessau.de\/cms\/der-schlossgaertner\/\" \/>\n<meta property=\"og:site_name\" content=\"Mosigkau NET(T)\" \/>\n<meta property=\"article:published_time\" content=\"2024-01-28T10:33:39+00:00\" \/>\n<meta property=\"article:modified_time\" content=\"2024-01-28T10:36:14+00:00\" \/>\n<meta property=\"og:image\" content=\"https:\/\/mosigkau-net.datel-dessau.de\/cms\/cms\/wp-content\/uploads\/2024\/01\/der_schlossgaertner.png\" \/>\n\t<meta property=\"og:image:width\" content=\"400\" \/>\n\t<meta property=\"og:image:height\" content=\"226\" \/>\n\t<meta property=\"og:image:type\" content=\"image\/png\" \/>\n<meta name=\"author\" content=\"Jan Bresching\" \/>\n<meta name=\"twitter:card\" content=\"summary_large_image\" \/>\n<meta name=\"twitter:label1\" content=\"Verfasst von\" \/>\n\t<meta name=\"twitter:data1\" content=\"Jan Bresching\" \/>\n\t<meta name=\"twitter:label2\" content=\"Gesch\u00e4tzte Lesezeit\" \/>\n\t<meta name=\"twitter:data2\" content=\"1\u00a0Minute\" \/>\n<script type=\"application\/ld+json\" class=\"yoast-schema-graph\">{\"@context\":\"https:\\\/\\\/schema.org\",\"@graph\":[{\"@type\":\"Article\",\"@id\":\"https:\\\/\\\/mosigkau-net.datel-dessau.de\\\/cms\\\/der-schlossgaertner\\\/#article\",\"isPartOf\":{\"@id\":\"https:\\\/\\\/mosigkau-net.datel-dessau.de\\\/cms\\\/der-schlossgaertner\\\/\"},\"author\":{\"name\":\"Jan Bresching\",\"@id\":\"https:\\\/\\\/mosigkau-net.datel-dessau.de\\\/cms\\\/#\\\/schema\\\/person\\\/2eb4a2cae570b3007fef9fcf558c062b\"},\"headline\":\"Der Schlossg\u00e4rtner\",\"datePublished\":\"2024-01-28T10:33:39+00:00\",\"dateModified\":\"2024-01-28T10:36:14+00:00\",\"mainEntityOfPage\":{\"@id\":\"https:\\\/\\\/mosigkau-net.datel-dessau.de\\\/cms\\\/der-schlossgaertner\\\/\"},\"wordCount\":59,\"publisher\":{\"@id\":\"https:\\\/\\\/mosigkau-net.datel-dessau.de\\\/cms\\\/#organization\"},\"image\":{\"@id\":\"https:\\\/\\\/mosigkau-net.datel-dessau.de\\\/cms\\\/der-schlossgaertner\\\/#primaryimage\"},\"thumbnailUrl\":\"https:\\\/\\\/mosigkau-net.datel-dessau.de\\\/cms\\\/wp-content\\\/uploads\\\/2024\\\/01\\\/der_schlossgaertner.png\",\"articleSection\":[\"Startseite\"],\"inLanguage\":\"de\"},{\"@type\":\"WebPage\",\"@id\":\"https:\\\/\\\/mosigkau-net.datel-dessau.de\\\/cms\\\/der-schlossgaertner\\\/\",\"url\":\"https:\\\/\\\/mosigkau-net.datel-dessau.de\\\/cms\\\/der-schlossgaertner\\\/\",\"name\":\"Der Schlossg\u00e4rtner - Mosigkau NET(T)\",\"isPartOf\":{\"@id\":\"https:\\\/\\\/mosigkau-net.datel-dessau.de\\\/cms\\\/#website\"},\"primaryImageOfPage\":{\"@id\":\"https:\\\/\\\/mosigkau-net.datel-dessau.de\\\/cms\\\/der-schlossgaertner\\\/#primaryimage\"},\"image\":{\"@id\":\"https:\\\/\\\/mosigkau-net.datel-dessau.de\\\/cms\\\/der-schlossgaertner\\\/#primaryimage\"},\"thumbnailUrl\":\"https:\\\/\\\/mosigkau-net.datel-dessau.de\\\/cms\\\/wp-content\\\/uploads\\\/2024\\\/01\\\/der_schlossgaertner.png\",\"datePublished\":\"2024-01-28T10:33:39+00:00\",\"dateModified\":\"2024-01-28T10:36:14+00:00\",\"breadcrumb\":{\"@id\":\"https:\\\/\\\/mosigkau-net.datel-dessau.de\\\/cms\\\/der-schlossgaertner\\\/#breadcrumb\"},\"inLanguage\":\"de\",\"potentialAction\":[{\"@type\":\"ReadAction\",\"target\":[\"https:\\\/\\\/mosigkau-net.datel-dessau.de\\\/cms\\\/der-schlossgaertner\\\/\"]}]},{\"@type\":\"ImageObject\",\"inLanguage\":\"de\",\"@id\":\"https:\\\/\\\/mosigkau-net.datel-dessau.de\\\/cms\\\/der-schlossgaertner\\\/#primaryimage\",\"url\":\"https:\\\/\\\/mosigkau-net.datel-dessau.de\\\/cms\\\/wp-content\\\/uploads\\\/2024\\\/01\\\/der_schlossgaertner.png\",\"contentUrl\":\"https:\\\/\\\/mosigkau-net.datel-dessau.de\\\/cms\\\/wp-content\\\/uploads\\\/2024\\\/01\\\/der_schlossgaertner.png\",\"width\":400,\"height\":226},{\"@type\":\"BreadcrumbList\",\"@id\":\"https:\\\/\\\/mosigkau-net.datel-dessau.de\\\/cms\\\/der-schlossgaertner\\\/#breadcrumb\",\"itemListElement\":[{\"@type\":\"ListItem\",\"position\":1,\"name\":\"Startseite\",\"item\":\"https:\\\/\\\/mosigkau-net.datel-dessau.de\\\/cms\\\/\"},{\"@type\":\"ListItem\",\"position\":2,\"name\":\"Der Schlossg\u00e4rtner\"}]},{\"@type\":\"WebSite\",\"@id\":\"https:\\\/\\\/mosigkau-net.datel-dessau.de\\\/cms\\\/#website\",\"url\":\"https:\\\/\\\/mosigkau-net.datel-dessau.de\\\/cms\\\/\",\"name\":\"Mosigkau NET(T)\",\"description\":\"Informationen rund um Mosigkau\",\"publisher\":{\"@id\":\"https:\\\/\\\/mosigkau-net.datel-dessau.de\\\/cms\\\/#organization\"},\"potentialAction\":[{\"@type\":\"SearchAction\",\"target\":{\"@type\":\"EntryPoint\",\"urlTemplate\":\"https:\\\/\\\/mosigkau-net.datel-dessau.de\\\/cms\\\/?s={search_term_string}\"},\"query-input\":{\"@type\":\"PropertyValueSpecification\",\"valueRequired\":true,\"valueName\":\"search_term_string\"}}],\"inLanguage\":\"de\"},{\"@type\":\"Organization\",\"@id\":\"https:\\\/\\\/mosigkau-net.datel-dessau.de\\\/cms\\\/#organization\",\"name\":\"Mosigkau NET(T)\",\"url\":\"https:\\\/\\\/mosigkau-net.datel-dessau.de\\\/cms\\\/\",\"logo\":{\"@type\":\"ImageObject\",\"inLanguage\":\"de\",\"@id\":\"https:\\\/\\\/mosigkau-net.datel-dessau.de\\\/cms\\\/#\\\/schema\\\/logo\\\/image\\\/\",\"url\":\"https:\\\/\\\/mosigkau-net.datel-dessau.de\\\/cms\\\/cms\\\/wp-content\\\/uploads\\\/2021\\\/08\\\/wappen.png\",\"contentUrl\":\"https:\\\/\\\/mosigkau-net.datel-dessau.de\\\/cms\\\/cms\\\/wp-content\\\/uploads\\\/2021\\\/08\\\/wappen.png\",\"width\":512,\"height\":512,\"caption\":\"Mosigkau NET(T)\"},\"image\":{\"@id\":\"https:\\\/\\\/mosigkau-net.datel-dessau.de\\\/cms\\\/#\\\/schema\\\/logo\\\/image\\\/\"}},{\"@type\":\"Person\",\"@id\":\"https:\\\/\\\/mosigkau-net.datel-dessau.de\\\/cms\\\/#\\\/schema\\\/person\\\/2eb4a2cae570b3007fef9fcf558c062b\",\"name\":\"Jan Bresching\",\"url\":\"https:\\\/\\\/mosigkau-net.datel-dessau.de\\\/cms\\\/author\\\/bresching\\\/\"}]}<\/script>\n<!-- \/ Yoast SEO plugin. -->","yoast_head_json":{"title":"Der Schlossg\u00e4rtner - Mosigkau NET(T)","robots":{"index":"index","follow":"follow","max-snippet":"max-snippet:-1","max-image-preview":"max-image-preview:large","max-video-preview":"max-video-preview:-1"},"canonical":"https:\/\/mosigkau-net.datel-dessau.de\/cms\/der-schlossgaertner\/","og_locale":"de_DE","og_type":"article","og_title":"Der Schlossg\u00e4rtner - Mosigkau NET(T)","og_description":"Bewahrer und K\u00e4mpfer Warum dem G\u00e4rtner vom Schloss Mosigkau ein preisgekr\u00f6nter Film gewidmet ist Tom Schlansky,","og_url":"https:\/\/mosigkau-net.datel-dessau.de\/cms\/der-schlossgaertner\/","og_site_name":"Mosigkau NET(T)","article_published_time":"2024-01-28T10:33:39+00:00","article_modified_time":"2024-01-28T10:36:14+00:00","og_image":[{"width":400,"height":226,"url":"https:\/\/mosigkau-net.datel-dessau.de\/cms\/cms\/wp-content\/uploads\/2024\/01\/der_schlossgaertner.png","type":"image\/png"}],"author":"Jan Bresching","twitter_card":"summary_large_image","twitter_misc":{"Verfasst von":"Jan Bresching","Gesch\u00e4tzte Lesezeit":"1\u00a0Minute"},"schema":{"@context":"https:\/\/schema.org","@graph":[{"@type":"Article","@id":"https:\/\/mosigkau-net.datel-dessau.de\/cms\/der-schlossgaertner\/#article","isPartOf":{"@id":"https:\/\/mosigkau-net.datel-dessau.de\/cms\/der-schlossgaertner\/"},"author":{"name":"Jan Bresching","@id":"https:\/\/mosigkau-net.datel-dessau.de\/cms\/#\/schema\/person\/2eb4a2cae570b3007fef9fcf558c062b"},"headline":"Der Schlossg\u00e4rtner","datePublished":"2024-01-28T10:33:39+00:00","dateModified":"2024-01-28T10:36:14+00:00","mainEntityOfPage":{"@id":"https:\/\/mosigkau-net.datel-dessau.de\/cms\/der-schlossgaertner\/"},"wordCount":59,"publisher":{"@id":"https:\/\/mosigkau-net.datel-dessau.de\/cms\/#organization"},"image":{"@id":"https:\/\/mosigkau-net.datel-dessau.de\/cms\/der-schlossgaertner\/#primaryimage"},"thumbnailUrl":"https:\/\/mosigkau-net.datel-dessau.de\/cms\/wp-content\/uploads\/2024\/01\/der_schlossgaertner.png","articleSection":["Startseite"],"inLanguage":"de"},{"@type":"WebPage","@id":"https:\/\/mosigkau-net.datel-dessau.de\/cms\/der-schlossgaertner\/","url":"https:\/\/mosigkau-net.datel-dessau.de\/cms\/der-schlossgaertner\/","name":"Der Schlossg\u00e4rtner - Mosigkau NET(T)","isPartOf":{"@id":"https:\/\/mosigkau-net.datel-dessau.de\/cms\/#website"},"primaryImageOfPage":{"@id":"https:\/\/mosigkau-net.datel-dessau.de\/cms\/der-schlossgaertner\/#primaryimage"},"image":{"@id":"https:\/\/mosigkau-net.datel-dessau.de\/cms\/der-schlossgaertner\/#primaryimage"},"thumbnailUrl":"https:\/\/mosigkau-net.datel-dessau.de\/cms\/wp-content\/uploads\/2024\/01\/der_schlossgaertner.png","datePublished":"2024-01-28T10:33:39+00:00","dateModified":"2024-01-28T10:36:14+00:00","breadcrumb":{"@id":"https:\/\/mosigkau-net.datel-dessau.de\/cms\/der-schlossgaertner\/#breadcrumb"},"inLanguage":"de","potentialAction":[{"@type":"ReadAction","target":["https:\/\/mosigkau-net.datel-dessau.de\/cms\/der-schlossgaertner\/"]}]},{"@type":"ImageObject","inLanguage":"de","@id":"https:\/\/mosigkau-net.datel-dessau.de\/cms\/der-schlossgaertner\/#primaryimage","url":"https:\/\/mosigkau-net.datel-dessau.de\/cms\/wp-content\/uploads\/2024\/01\/der_schlossgaertner.png","contentUrl":"https:\/\/mosigkau-net.datel-dessau.de\/cms\/wp-content\/uploads\/2024\/01\/der_schlossgaertner.png","width":400,"height":226},{"@type":"BreadcrumbList","@id":"https:\/\/mosigkau-net.datel-dessau.de\/cms\/der-schlossgaertner\/#breadcrumb","itemListElement":[{"@type":"ListItem","position":1,"name":"Startseite","item":"https:\/\/mosigkau-net.datel-dessau.de\/cms\/"},{"@type":"ListItem","position":2,"name":"Der Schlossg\u00e4rtner"}]},{"@type":"WebSite","@id":"https:\/\/mosigkau-net.datel-dessau.de\/cms\/#website","url":"https:\/\/mosigkau-net.datel-dessau.de\/cms\/","name":"Mosigkau NET(T)","description":"Informationen rund um Mosigkau","publisher":{"@id":"https:\/\/mosigkau-net.datel-dessau.de\/cms\/#organization"},"potentialAction":[{"@type":"SearchAction","target":{"@type":"EntryPoint","urlTemplate":"https:\/\/mosigkau-net.datel-dessau.de\/cms\/?s={search_term_string}"},"query-input":{"@type":"PropertyValueSpecification","valueRequired":true,"valueName":"search_term_string"}}],"inLanguage":"de"},{"@type":"Organization","@id":"https:\/\/mosigkau-net.datel-dessau.de\/cms\/#organization","name":"Mosigkau NET(T)","url":"https:\/\/mosigkau-net.datel-dessau.de\/cms\/","logo":{"@type":"ImageObject","inLanguage":"de","@id":"https:\/\/mosigkau-net.datel-dessau.de\/cms\/#\/schema\/logo\/image\/","url":"https:\/\/mosigkau-net.datel-dessau.de\/cms\/cms\/wp-content\/uploads\/2021\/08\/wappen.png","contentUrl":"https:\/\/mosigkau-net.datel-dessau.de\/cms\/cms\/wp-content\/uploads\/2021\/08\/wappen.png","width":512,"height":512,"caption":"Mosigkau NET(T)"},"image":{"@id":"https:\/\/mosigkau-net.datel-dessau.de\/cms\/#\/schema\/logo\/image\/"}},{"@type":"Person","@id":"https:\/\/mosigkau-net.datel-dessau.de\/cms\/#\/schema\/person\/2eb4a2cae570b3007fef9fcf558c062b","name":"Jan Bresching","url":"https:\/\/mosigkau-net.datel-dessau.de\/cms\/author\/bresching\/"}]}},"publishpress_future_action":{"enabled":false,"date":"2026-09-09 11:31:29","action":"change-status","newStatus":"trash","terms":[],"taxonomy":"category","extraData":[]},"publishpress_future_workflow_manual_trigger":{"enabledWorkflows":[]},"_links":{"self":[{"href":"https:\/\/mosigkau-net.datel-dessau.de\/cms\/wp-json\/wp\/v2\/posts\/2620","targetHints":{"allow":["GET"]}}],"collection":[{"href":"https:\/\/mosigkau-net.datel-dessau.de\/cms\/wp-json\/wp\/v2\/posts"}],"about":[{"href":"https:\/\/mosigkau-net.datel-dessau.de\/cms\/wp-json\/wp\/v2\/types\/post"}],"author":[{"embeddable":true,"href":"https:\/\/mosigkau-net.datel-dessau.de\/cms\/wp-json\/wp\/v2\/users\/2"}],"replies":[{"embeddable":true,"href":"https:\/\/mosigkau-net.datel-dessau.de\/cms\/wp-json\/wp\/v2\/comments?post=2620"}],"version-history":[{"count":2,"href":"https:\/\/mosigkau-net.datel-dessau.de\/cms\/wp-json\/wp\/v2\/posts\/2620\/revisions"}],"predecessor-version":[{"id":2623,"href":"https:\/\/mosigkau-net.datel-dessau.de\/cms\/wp-json\/wp\/v2\/posts\/2620\/revisions\/2623"}],"wp:featuredmedia":[{"embeddable":true,"href":"https:\/\/mosigkau-net.datel-dessau.de\/cms\/wp-json\/wp\/v2\/media\/2622"}],"wp:attachment":[{"href":"https:\/\/mosigkau-net.datel-dessau.de\/cms\/wp-json\/wp\/v2\/media?parent=2620"}],"wp:term":[{"taxonomy":"category","embeddable":true,"href":"https:\/\/mosigkau-net.datel-dessau.de\/cms\/wp-json\/wp\/v2\/categories?post=2620"},{"taxonomy":"post_tag","embeddable":true,"href":"https:\/\/mosigkau-net.datel-dessau.de\/cms\/wp-json\/wp\/v2\/tags?post=2620"}],"curies":[{"name":"wp","href":"https:\/\/api.w.org\/{rel}","templated":true}]}}