{"id":3125,"date":"2026-08-22T11:23:23","date_gmt":"2026-08-22T10:23:23","guid":{"rendered":"https:\/\/www.mosigkau.net\/?p=3125"},"modified":"2026-08-22T12:29:55","modified_gmt":"2026-08-22T11:29:55","slug":"schaeferfest","status":"publish","type":"post","link":"https:\/\/mosigkau-net.datel-dessau.de\/cms\/schaeferfest\/","title":{"rendered":"Sch\u00e4ferfest"},"content":{"rendered":"<h2>Sch\u00e4ferfest im Mosigkau<\/h2>\n<p>am 12.09.2026 findet p\u00fcnktlich nach dem &#8222;Sch\u00e4ferst\u00fcndchen&#8220; ab 14:00 Uhr das allj\u00e4hrliche Sch\u00e4ferfest im Sch\u00e4fergarten und am B\u00fcrgerhaus statt.<\/p>\n<p>Eine Auswahl der angebotenen Produkte und Aktivit\u00e4ten:<\/p>\n<p>SeifenAllerlei, handgesiedete Naturseifen + Gen\u00e4htes, Geh\u00e4keltes, Gebasteltes + Taschen, Stoffe, T\u00e4schchen, Honig, Bienenwachskerzen,<br \/>\nAlpakawollprodukte. Wurstwaren und Flohmarkt und Basteln von und f\u00fcr Mosigkauer Kinder und vieles mehr.<\/p>\n<p>Die Versorgung \u00fcbernehmen unsere Vereinsmitglieder mit hausgebackenem Kuchen im Sch\u00e4ferhaus und Getr\u00e4nken und Bockw\u00fcrstchen aus der \u201eBockbude\u201c.<\/p>\n<p>Sch\u00fcler der Waldorf-Schule Mosigkau backen Waffeln.<br \/>\nSchauen Sie vorbei, st\u00f6bern Sie im vielseitigen Angebot und verweilen Sie<br \/>\nbei Kaffee und Kuchen, lauschen Sie den Kl\u00e4ngen von Bardenspyl.<\/p>\n<p><a href=\"https:\/\/mosigkau-net.datel-dessau.de\/cms\/cms\/wp-content\/uploads\/2024\/08\/schaeferfest_2024_r.jpg\">\u00a0 \u00a0<\/a><\/p>\n","protected":false},"excerpt":{"rendered":"<p>Sch\u00e4ferfest im Mosigkau am 12.09.2026 findet p\u00fcnktlich nach dem &#8222;Sch\u00e4ferst\u00fcndchen&#8220; ab 14:00 Uhr das allj\u00e4hrliche Sch\u00e4ferfest<\/p>\n","protected":false},"author":2,"featured_media":4814,"comment_status":"closed","ping_status":"closed","sticky":false,"template":"","format":"standard","meta":{"footnotes":""},"categories":[14],"tags":[],"class_list":["post-3125","post","type-post","status-publish","format-standard","has-post-thumbnail","hentry","category-startseite"],"yoast_head":"<!-- This site is optimized with the Yoast SEO plugin v28.3 - https:\/\/yoast.com\/product\/yoast-seo-wordpress\/ -->\n<title>Sch\u00e4ferfest - Mosigkau NET(T)<\/title>\n<meta name=\"robots\" content=\"index, follow, max-snippet:-1, max-image-preview:large, max-video-preview:-1\" \/>\n<link rel=\"canonical\" href=\"https:\/\/mosigkau-net.datel-dessau.de\/cms\/schaeferfest\/\" \/>\n<meta property=\"og:locale\" content=\"de_DE\" \/>\n<meta property=\"og:type\" content=\"article\" \/>\n<meta property=\"og:title\" content=\"Sch\u00e4ferfest - Mosigkau NET(T)\" \/>\n<meta property=\"og:description\" content=\"Sch\u00e4ferfest im Mosigkau am 12.09.2026 findet p\u00fcnktlich nach dem &#8222;Sch\u00e4ferst\u00fcndchen&#8220; ab 14:00 Uhr das allj\u00e4hrliche Sch\u00e4ferfest\" \/>\n<meta property=\"og:url\" content=\"https:\/\/mosigkau-net.datel-dessau.de\/cms\/schaeferfest\/\" \/>\n<meta property=\"og:site_name\" content=\"Mosigkau NET(T)\" \/>\n<meta property=\"article:published_time\" content=\"2026-08-22T10:23:23+00:00\" \/>\n<meta property=\"article:modified_time\" content=\"2026-08-22T11:29:55+00:00\" \/>\n<meta name=\"author\" content=\"Jan Bresching\" \/>\n<meta name=\"twitter:card\" content=\"summary_large_image\" \/>\n<meta name=\"twitter:label1\" content=\"Verfasst von\" \/>\n\t<meta name=\"twitter:data1\" content=\"Jan Bresching\" \/>\n\t<meta name=\"twitter:label2\" content=\"Gesch\u00e4tzte Lesezeit\" \/>\n\t<meta name=\"twitter:data2\" content=\"1\u00a0Minute\" \/>\n<script type=\"application\/ld+json\" class=\"yoast-schema-graph\">{\"@context\":\"https:\\\/\\\/schema.org\",\"@graph\":[{\"@type\":\"Article\",\"@id\":\"https:\\\/\\\/mosigkau-net.datel-dessau.de\\\/cms\\\/schaeferfest\\\/#article\",\"isPartOf\":{\"@id\":\"https:\\\/\\\/mosigkau-net.datel-dessau.de\\\/cms\\\/schaeferfest\\\/\"},\"author\":{\"name\":\"Jan Bresching\",\"@id\":\"https:\\\/\\\/mosigkau-net.datel-dessau.de\\\/cms\\\/#\\\/schema\\\/person\\\/2eb4a2cae570b3007fef9fcf558c062b\"},\"headline\":\"Sch\u00e4ferfest\",\"datePublished\":\"2026-08-22T10:23:23+00:00\",\"dateModified\":\"2026-08-22T11:29:55+00:00\",\"mainEntityOfPage\":{\"@id\":\"https:\\\/\\\/mosigkau-net.datel-dessau.de\\\/cms\\\/schaeferfest\\\/\"},\"wordCount\":117,\"publisher\":{\"@id\":\"https:\\\/\\\/mosigkau-net.datel-dessau.de\\\/cms\\\/#organization\"},\"image\":{\"@id\":\"https:\\\/\\\/mosigkau-net.datel-dessau.de\\\/cms\\\/schaeferfest\\\/#primaryimage\"},\"thumbnailUrl\":\"https:\\\/\\\/mosigkau-net.datel-dessau.de\\\/cms\\\/wp-content\\\/uploads\\\/2026\\\/08\\\/schaeferfest_2026-pdf.jpg\",\"articleSection\":[\"Startseite\"],\"inLanguage\":\"de\"},{\"@type\":\"WebPage\",\"@id\":\"https:\\\/\\\/mosigkau-net.datel-dessau.de\\\/cms\\\/schaeferfest\\\/\",\"url\":\"https:\\\/\\\/mosigkau-net.datel-dessau.de\\\/cms\\\/schaeferfest\\\/\",\"name\":\"Sch\u00e4ferfest - Mosigkau NET(T)\",\"isPartOf\":{\"@id\":\"https:\\\/\\\/mosigkau-net.datel-dessau.de\\\/cms\\\/#website\"},\"primaryImageOfPage\":{\"@id\":\"https:\\\/\\\/mosigkau-net.datel-dessau.de\\\/cms\\\/schaeferfest\\\/#primaryimage\"},\"image\":{\"@id\":\"https:\\\/\\\/mosigkau-net.datel-dessau.de\\\/cms\\\/schaeferfest\\\/#primaryimage\"},\"thumbnailUrl\":\"https:\\\/\\\/mosigkau-net.datel-dessau.de\\\/cms\\\/wp-content\\\/uploads\\\/2026\\\/08\\\/schaeferfest_2026-pdf.jpg\",\"datePublished\":\"2026-08-22T10:23:23+00:00\",\"dateModified\":\"2026-08-22T11:29:55+00:00\",\"breadcrumb\":{\"@id\":\"https:\\\/\\\/mosigkau-net.datel-dessau.de\\\/cms\\\/schaeferfest\\\/#breadcrumb\"},\"inLanguage\":\"de\",\"potentialAction\":[{\"@type\":\"ReadAction\",\"target\":[\"https:\\\/\\\/mosigkau-net.datel-dessau.de\\\/cms\\\/schaeferfest\\\/\"]}]},{\"@type\":\"ImageObject\",\"inLanguage\":\"de\",\"@id\":\"https:\\\/\\\/mosigkau-net.datel-dessau.de\\\/cms\\\/schaeferfest\\\/#primaryimage\",\"url\":\"https:\\\/\\\/mosigkau-net.datel-dessau.de\\\/cms\\\/wp-content\\\/uploads\\\/2026\\\/08\\\/schaeferfest_2026-pdf.jpg\",\"contentUrl\":\"https:\\\/\\\/mosigkau-net.datel-dessau.de\\\/cms\\\/wp-content\\\/uploads\\\/2026\\\/08\\\/schaeferfest_2026-pdf.jpg\"},{\"@type\":\"BreadcrumbList\",\"@id\":\"https:\\\/\\\/mosigkau-net.datel-dessau.de\\\/cms\\\/schaeferfest\\\/#breadcrumb\",\"itemListElement\":[{\"@type\":\"ListItem\",\"position\":1,\"name\":\"Startseite\",\"item\":\"https:\\\/\\\/mosigkau-net.datel-dessau.de\\\/cms\\\/\"},{\"@type\":\"ListItem\",\"position\":2,\"name\":\"Sch\u00e4ferfest\"}]},{\"@type\":\"WebSite\",\"@id\":\"https:\\\/\\\/mosigkau-net.datel-dessau.de\\\/cms\\\/#website\",\"url\":\"https:\\\/\\\/mosigkau-net.datel-dessau.de\\\/cms\\\/\",\"name\":\"Mosigkau NET(T)\",\"description\":\"Informationen rund um Mosigkau\",\"publisher\":{\"@id\":\"https:\\\/\\\/mosigkau-net.datel-dessau.de\\\/cms\\\/#organization\"},\"potentialAction\":[{\"@type\":\"SearchAction\",\"target\":{\"@type\":\"EntryPoint\",\"urlTemplate\":\"https:\\\/\\\/mosigkau-net.datel-dessau.de\\\/cms\\\/?s={search_term_string}\"},\"query-input\":{\"@type\":\"PropertyValueSpecification\",\"valueRequired\":true,\"valueName\":\"search_term_string\"}}],\"inLanguage\":\"de\"},{\"@type\":\"Organization\",\"@id\":\"https:\\\/\\\/mosigkau-net.datel-dessau.de\\\/cms\\\/#organization\",\"name\":\"Mosigkau NET(T)\",\"url\":\"https:\\\/\\\/mosigkau-net.datel-dessau.de\\\/cms\\\/\",\"logo\":{\"@type\":\"ImageObject\",\"inLanguage\":\"de\",\"@id\":\"https:\\\/\\\/mosigkau-net.datel-dessau.de\\\/cms\\\/#\\\/schema\\\/logo\\\/image\\\/\",\"url\":\"https:\\\/\\\/mosigkau-net.datel-dessau.de\\\/cms\\\/cms\\\/wp-content\\\/uploads\\\/2021\\\/08\\\/wappen.png\",\"contentUrl\":\"https:\\\/\\\/mosigkau-net.datel-dessau.de\\\/cms\\\/cms\\\/wp-content\\\/uploads\\\/2021\\\/08\\\/wappen.png\",\"width\":512,\"height\":512,\"caption\":\"Mosigkau NET(T)\"},\"image\":{\"@id\":\"https:\\\/\\\/mosigkau-net.datel-dessau.de\\\/cms\\\/#\\\/schema\\\/logo\\\/image\\\/\"}},{\"@type\":\"Person\",\"@id\":\"https:\\\/\\\/mosigkau-net.datel-dessau.de\\\/cms\\\/#\\\/schema\\\/person\\\/2eb4a2cae570b3007fef9fcf558c062b\",\"name\":\"Jan Bresching\",\"url\":\"https:\\\/\\\/mosigkau-net.datel-dessau.de\\\/cms\\\/author\\\/bresching\\\/\"}]}<\/script>\n<!-- \/ Yoast SEO plugin. -->","yoast_head_json":{"title":"Sch\u00e4ferfest - Mosigkau NET(T)","robots":{"index":"index","follow":"follow","max-snippet":"max-snippet:-1","max-image-preview":"max-image-preview:large","max-video-preview":"max-video-preview:-1"},"canonical":"https:\/\/mosigkau-net.datel-dessau.de\/cms\/schaeferfest\/","og_locale":"de_DE","og_type":"article","og_title":"Sch\u00e4ferfest - Mosigkau NET(T)","og_description":"Sch\u00e4ferfest im Mosigkau am 12.09.2026 findet p\u00fcnktlich nach dem &#8222;Sch\u00e4ferst\u00fcndchen&#8220; ab 14:00 Uhr das allj\u00e4hrliche Sch\u00e4ferfest","og_url":"https:\/\/mosigkau-net.datel-dessau.de\/cms\/schaeferfest\/","og_site_name":"Mosigkau NET(T)","article_published_time":"2026-08-22T10:23:23+00:00","article_modified_time":"2026-08-22T11:29:55+00:00","author":"Jan Bresching","twitter_card":"summary_large_image","twitter_misc":{"Verfasst von":"Jan Bresching","Gesch\u00e4tzte Lesezeit":"1\u00a0Minute"},"schema":{"@context":"https:\/\/schema.org","@graph":[{"@type":"Article","@id":"https:\/\/mosigkau-net.datel-dessau.de\/cms\/schaeferfest\/#article","isPartOf":{"@id":"https:\/\/mosigkau-net.datel-dessau.de\/cms\/schaeferfest\/"},"author":{"name":"Jan Bresching","@id":"https:\/\/mosigkau-net.datel-dessau.de\/cms\/#\/schema\/person\/2eb4a2cae570b3007fef9fcf558c062b"},"headline":"Sch\u00e4ferfest","datePublished":"2026-08-22T10:23:23+00:00","dateModified":"2026-08-22T11:29:55+00:00","mainEntityOfPage":{"@id":"https:\/\/mosigkau-net.datel-dessau.de\/cms\/schaeferfest\/"},"wordCount":117,"publisher":{"@id":"https:\/\/mosigkau-net.datel-dessau.de\/cms\/#organization"},"image":{"@id":"https:\/\/mosigkau-net.datel-dessau.de\/cms\/schaeferfest\/#primaryimage"},"thumbnailUrl":"https:\/\/mosigkau-net.datel-dessau.de\/cms\/wp-content\/uploads\/2026\/08\/schaeferfest_2026-pdf.jpg","articleSection":["Startseite"],"inLanguage":"de"},{"@type":"WebPage","@id":"https:\/\/mosigkau-net.datel-dessau.de\/cms\/schaeferfest\/","url":"https:\/\/mosigkau-net.datel-dessau.de\/cms\/schaeferfest\/","name":"Sch\u00e4ferfest - Mosigkau NET(T)","isPartOf":{"@id":"https:\/\/mosigkau-net.datel-dessau.de\/cms\/#website"},"primaryImageOfPage":{"@id":"https:\/\/mosigkau-net.datel-dessau.de\/cms\/schaeferfest\/#primaryimage"},"image":{"@id":"https:\/\/mosigkau-net.datel-dessau.de\/cms\/schaeferfest\/#primaryimage"},"thumbnailUrl":"https:\/\/mosigkau-net.datel-dessau.de\/cms\/wp-content\/uploads\/2026\/08\/schaeferfest_2026-pdf.jpg","datePublished":"2026-08-22T10:23:23+00:00","dateModified":"2026-08-22T11:29:55+00:00","breadcrumb":{"@id":"https:\/\/mosigkau-net.datel-dessau.de\/cms\/schaeferfest\/#breadcrumb"},"inLanguage":"de","potentialAction":[{"@type":"ReadAction","target":["https:\/\/mosigkau-net.datel-dessau.de\/cms\/schaeferfest\/"]}]},{"@type":"ImageObject","inLanguage":"de","@id":"https:\/\/mosigkau-net.datel-dessau.de\/cms\/schaeferfest\/#primaryimage","url":"https:\/\/mosigkau-net.datel-dessau.de\/cms\/wp-content\/uploads\/2026\/08\/schaeferfest_2026-pdf.jpg","contentUrl":"https:\/\/mosigkau-net.datel-dessau.de\/cms\/wp-content\/uploads\/2026\/08\/schaeferfest_2026-pdf.jpg"},{"@type":"BreadcrumbList","@id":"https:\/\/mosigkau-net.datel-dessau.de\/cms\/schaeferfest\/#breadcrumb","itemListElement":[{"@type":"ListItem","position":1,"name":"Startseite","item":"https:\/\/mosigkau-net.datel-dessau.de\/cms\/"},{"@type":"ListItem","position":2,"name":"Sch\u00e4ferfest"}]},{"@type":"WebSite","@id":"https:\/\/mosigkau-net.datel-dessau.de\/cms\/#website","url":"https:\/\/mosigkau-net.datel-dessau.de\/cms\/","name":"Mosigkau NET(T)","description":"Informationen rund um Mosigkau","publisher":{"@id":"https:\/\/mosigkau-net.datel-dessau.de\/cms\/#organization"},"potentialAction":[{"@type":"SearchAction","target":{"@type":"EntryPoint","urlTemplate":"https:\/\/mosigkau-net.datel-dessau.de\/cms\/?s={search_term_string}"},"query-input":{"@type":"PropertyValueSpecification","valueRequired":true,"valueName":"search_term_string"}}],"inLanguage":"de"},{"@type":"Organization","@id":"https:\/\/mosigkau-net.datel-dessau.de\/cms\/#organization","name":"Mosigkau NET(T)","url":"https:\/\/mosigkau-net.datel-dessau.de\/cms\/","logo":{"@type":"ImageObject","inLanguage":"de","@id":"https:\/\/mosigkau-net.datel-dessau.de\/cms\/#\/schema\/logo\/image\/","url":"https:\/\/mosigkau-net.datel-dessau.de\/cms\/cms\/wp-content\/uploads\/2021\/08\/wappen.png","contentUrl":"https:\/\/mosigkau-net.datel-dessau.de\/cms\/cms\/wp-content\/uploads\/2021\/08\/wappen.png","width":512,"height":512,"caption":"Mosigkau NET(T)"},"image":{"@id":"https:\/\/mosigkau-net.datel-dessau.de\/cms\/#\/schema\/logo\/image\/"}},{"@type":"Person","@id":"https:\/\/mosigkau-net.datel-dessau.de\/cms\/#\/schema\/person\/2eb4a2cae570b3007fef9fcf558c062b","name":"Jan Bresching","url":"https:\/\/mosigkau-net.datel-dessau.de\/cms\/author\/bresching\/"}]}},"publishpress_future_action":{"enabled":false,"date":"2026-09-09 10:26:18","action":"change-status","newStatus":"trash","terms":[],"taxonomy":"category","extraData":[]},"publishpress_future_workflow_manual_trigger":{"enabledWorkflows":[]},"_links":{"self":[{"href":"https:\/\/mosigkau-net.datel-dessau.de\/cms\/wp-json\/wp\/v2\/posts\/3125","targetHints":{"allow":["GET"]}}],"collection":[{"href":"https:\/\/mosigkau-net.datel-dessau.de\/cms\/wp-json\/wp\/v2\/posts"}],"about":[{"href":"https:\/\/mosigkau-net.datel-dessau.de\/cms\/wp-json\/wp\/v2\/types\/post"}],"author":[{"embeddable":true,"href":"https:\/\/mosigkau-net.datel-dessau.de\/cms\/wp-json\/wp\/v2\/users\/2"}],"replies":[{"embeddable":true,"href":"https:\/\/mosigkau-net.datel-dessau.de\/cms\/wp-json\/wp\/v2\/comments?post=3125"}],"version-history":[{"count":4,"href":"https:\/\/mosigkau-net.datel-dessau.de\/cms\/wp-json\/wp\/v2\/posts\/3125\/revisions"}],"predecessor-version":[{"id":4813,"href":"https:\/\/mosigkau-net.datel-dessau.de\/cms\/wp-json\/wp\/v2\/posts\/3125\/revisions\/4813"}],"wp:featuredmedia":[{"embeddable":true,"href":"https:\/\/mosigkau-net.datel-dessau.de\/cms\/wp-json\/wp\/v2\/media\/4814"}],"wp:attachment":[{"href":"https:\/\/mosigkau-net.datel-dessau.de\/cms\/wp-json\/wp\/v2\/media?parent=3125"}],"wp:term":[{"taxonomy":"category","embeddable":true,"href":"https:\/\/mosigkau-net.datel-dessau.de\/cms\/wp-json\/wp\/v2\/categories?post=3125"},{"taxonomy":"post_tag","embeddable":true,"href":"https:\/\/mosigkau-net.datel-dessau.de\/cms\/wp-json\/wp\/v2\/tags?post=3125"}],"curies":[{"name":"wp","href":"https:\/\/api.w.org\/{rel}","templated":true}]}}