{"id":3456,"date":"2025-02-05T15:24:41","date_gmt":"2025-02-05T14:24:41","guid":{"rendered":"https:\/\/www.mosigkau.net\/?p=3456"},"modified":"2025-02-13T21:48:36","modified_gmt":"2025-02-13T20:48:36","slug":"solaranlagen-und-denkmalschutz-in-mosigkau","status":"publish","type":"post","link":"https:\/\/mosigkau-net.datel-dessau.de\/cms\/solaranlagen-und-denkmalschutz-in-mosigkau\/","title":{"rendered":"Solaranlagen und Denkmalschutz in Mosigkau"},"content":{"rendered":"<h2>Wissenswertes \u00fcber Solaranlagen und Denkmalschutz<\/h2>\n<p>In der Ortschaftsratssitzung am 29.10.2024 stellte ein B\u00fcrger eine Anfrage an die Stadt zum aktuellen Sachstand des Denkmalrahmenplans und der Genehmigung von Solaranlagen in Mosigkau.<\/p>\n<p>Wie wir nun wissen, werden solche Anfragen nur direkt an den Fragestellenden beantwortet und nicht \u00f6ffentlich gemacht.<\/p>\n<p>Dankenswerterweise hat uns der B\u00fcrger das Antwortschreiben weitergeleitet, sodass wir nun alle \u00fcber den aktuellen Stand informiert werden k\u00f6nnen.<\/p>\n<p>Im Februar\/M\u00e4rz 2020 wurden die Denkmalausweisungen f\u00fcr das Gartenreich und der Denkmalbereich Mosigkau bekannt gemacht. Eine vertiefende Untersuchung zur Denkmalbewertung wurde beauftragt, verz\u00f6gerte sich aber. 2023 wurde ein Runderlass erlassen, der denkmalrechtliche Genehmigungen f\u00fcr PV-Anlagen grunds\u00e4tzlich erm\u00f6glicht, sofern sie das Erscheinungsbild nur gering beeinflussen und reversibel sind. Anwohner m\u00fcssen jedoch nachweisen, dass alternative Standorte nicht infrage kommen. Zudem sind Auflagen wie dunkle, nicht reflektierende Module zu beachten. In der N\u00e4he von Schloss und Park Mosigkau gelten striktere Regeln, hier sind Einzelfallentscheidungen erforderlich. Antr\u00e4ge werden gleichwertig behandelt, bisher wurden keine PV-Anlagen abgelehnt.<\/p>\n","protected":false},"excerpt":{"rendered":"<p>Wissenswertes \u00fcber Solaranlagen und Denkmalschutz In der Ortschaftsratssitzung am 29.10.2024 stellte ein B\u00fcrger eine Anfrage an<\/p>\n","protected":false},"author":2,"featured_media":3457,"comment_status":"closed","ping_status":"closed","sticky":false,"template":"","format":"standard","meta":{"footnotes":""},"categories":[14],"tags":[],"class_list":["post-3456","post","type-post","status-publish","format-standard","has-post-thumbnail","hentry","category-startseite"],"yoast_head":"<!-- This site is optimized with the Yoast SEO plugin v28.3 - https:\/\/yoast.com\/product\/yoast-seo-wordpress\/ -->\n<title>Solaranlagen und Denkmalschutz in Mosigkau - Mosigkau NET(T)<\/title>\n<meta name=\"robots\" content=\"index, follow, max-snippet:-1, max-image-preview:large, max-video-preview:-1\" \/>\n<link rel=\"canonical\" href=\"https:\/\/mosigkau-net.datel-dessau.de\/cms\/solaranlagen-und-denkmalschutz-in-mosigkau\/\" \/>\n<meta property=\"og:locale\" content=\"de_DE\" \/>\n<meta property=\"og:type\" content=\"article\" \/>\n<meta property=\"og:title\" content=\"Solaranlagen und Denkmalschutz in Mosigkau - Mosigkau NET(T)\" \/>\n<meta property=\"og:description\" content=\"Wissenswertes \u00fcber Solaranlagen und Denkmalschutz In der Ortschaftsratssitzung am 29.10.2024 stellte ein B\u00fcrger eine Anfrage an\" \/>\n<meta property=\"og:url\" content=\"https:\/\/mosigkau-net.datel-dessau.de\/cms\/solaranlagen-und-denkmalschutz-in-mosigkau\/\" \/>\n<meta property=\"og:site_name\" content=\"Mosigkau NET(T)\" \/>\n<meta property=\"article:published_time\" content=\"2025-02-05T14:24:41+00:00\" \/>\n<meta property=\"article:modified_time\" content=\"2025-02-13T20:48:36+00:00\" \/>\n<meta property=\"og:image\" content=\"https:\/\/mosigkau-net.datel-dessau.de\/cms\/cms\/wp-content\/uploads\/2025\/02\/solar_denkmalschutz.jpeg\" \/>\n\t<meta property=\"og:image:width\" content=\"400\" \/>\n\t<meta property=\"og:image:height\" content=\"400\" \/>\n\t<meta property=\"og:image:type\" content=\"image\/jpeg\" \/>\n<meta name=\"author\" content=\"Jan Bresching\" \/>\n<meta name=\"twitter:card\" content=\"summary_large_image\" \/>\n<meta name=\"twitter:label1\" content=\"Verfasst von\" \/>\n\t<meta name=\"twitter:data1\" content=\"Jan Bresching\" \/>\n\t<meta name=\"twitter:label2\" content=\"Gesch\u00e4tzte Lesezeit\" \/>\n\t<meta name=\"twitter:data2\" content=\"2\u00a0Minuten\" \/>\n<script type=\"application\/ld+json\" class=\"yoast-schema-graph\">{\"@context\":\"https:\\\/\\\/schema.org\",\"@graph\":[{\"@type\":\"Article\",\"@id\":\"https:\\\/\\\/mosigkau-net.datel-dessau.de\\\/cms\\\/solaranlagen-und-denkmalschutz-in-mosigkau\\\/#article\",\"isPartOf\":{\"@id\":\"https:\\\/\\\/mosigkau-net.datel-dessau.de\\\/cms\\\/solaranlagen-und-denkmalschutz-in-mosigkau\\\/\"},\"author\":{\"name\":\"Jan Bresching\",\"@id\":\"https:\\\/\\\/mosigkau-net.datel-dessau.de\\\/cms\\\/#\\\/schema\\\/person\\\/2eb4a2cae570b3007fef9fcf558c062b\"},\"headline\":\"Solaranlagen und Denkmalschutz in Mosigkau\",\"datePublished\":\"2025-02-05T14:24:41+00:00\",\"dateModified\":\"2025-02-13T20:48:36+00:00\",\"mainEntityOfPage\":{\"@id\":\"https:\\\/\\\/mosigkau-net.datel-dessau.de\\\/cms\\\/solaranlagen-und-denkmalschutz-in-mosigkau\\\/\"},\"wordCount\":172,\"publisher\":{\"@id\":\"https:\\\/\\\/mosigkau-net.datel-dessau.de\\\/cms\\\/#organization\"},\"image\":{\"@id\":\"https:\\\/\\\/mosigkau-net.datel-dessau.de\\\/cms\\\/solaranlagen-und-denkmalschutz-in-mosigkau\\\/#primaryimage\"},\"thumbnailUrl\":\"https:\\\/\\\/mosigkau-net.datel-dessau.de\\\/cms\\\/wp-content\\\/uploads\\\/2025\\\/02\\\/solar_denkmalschutz.jpeg\",\"articleSection\":[\"Startseite\"],\"inLanguage\":\"de\"},{\"@type\":\"WebPage\",\"@id\":\"https:\\\/\\\/mosigkau-net.datel-dessau.de\\\/cms\\\/solaranlagen-und-denkmalschutz-in-mosigkau\\\/\",\"url\":\"https:\\\/\\\/mosigkau-net.datel-dessau.de\\\/cms\\\/solaranlagen-und-denkmalschutz-in-mosigkau\\\/\",\"name\":\"Solaranlagen und Denkmalschutz in Mosigkau - Mosigkau NET(T)\",\"isPartOf\":{\"@id\":\"https:\\\/\\\/mosigkau-net.datel-dessau.de\\\/cms\\\/#website\"},\"primaryImageOfPage\":{\"@id\":\"https:\\\/\\\/mosigkau-net.datel-dessau.de\\\/cms\\\/solaranlagen-und-denkmalschutz-in-mosigkau\\\/#primaryimage\"},\"image\":{\"@id\":\"https:\\\/\\\/mosigkau-net.datel-dessau.de\\\/cms\\\/solaranlagen-und-denkmalschutz-in-mosigkau\\\/#primaryimage\"},\"thumbnailUrl\":\"https:\\\/\\\/mosigkau-net.datel-dessau.de\\\/cms\\\/wp-content\\\/uploads\\\/2025\\\/02\\\/solar_denkmalschutz.jpeg\",\"datePublished\":\"2025-02-05T14:24:41+00:00\",\"dateModified\":\"2025-02-13T20:48:36+00:00\",\"breadcrumb\":{\"@id\":\"https:\\\/\\\/mosigkau-net.datel-dessau.de\\\/cms\\\/solaranlagen-und-denkmalschutz-in-mosigkau\\\/#breadcrumb\"},\"inLanguage\":\"de\",\"potentialAction\":[{\"@type\":\"ReadAction\",\"target\":[\"https:\\\/\\\/mosigkau-net.datel-dessau.de\\\/cms\\\/solaranlagen-und-denkmalschutz-in-mosigkau\\\/\"]}]},{\"@type\":\"ImageObject\",\"inLanguage\":\"de\",\"@id\":\"https:\\\/\\\/mosigkau-net.datel-dessau.de\\\/cms\\\/solaranlagen-und-denkmalschutz-in-mosigkau\\\/#primaryimage\",\"url\":\"https:\\\/\\\/mosigkau-net.datel-dessau.de\\\/cms\\\/wp-content\\\/uploads\\\/2025\\\/02\\\/solar_denkmalschutz.jpeg\",\"contentUrl\":\"https:\\\/\\\/mosigkau-net.datel-dessau.de\\\/cms\\\/wp-content\\\/uploads\\\/2025\\\/02\\\/solar_denkmalschutz.jpeg\",\"width\":400,\"height\":400},{\"@type\":\"BreadcrumbList\",\"@id\":\"https:\\\/\\\/mosigkau-net.datel-dessau.de\\\/cms\\\/solaranlagen-und-denkmalschutz-in-mosigkau\\\/#breadcrumb\",\"itemListElement\":[{\"@type\":\"ListItem\",\"position\":1,\"name\":\"Startseite\",\"item\":\"https:\\\/\\\/mosigkau-net.datel-dessau.de\\\/cms\\\/\"},{\"@type\":\"ListItem\",\"position\":2,\"name\":\"Solaranlagen und Denkmalschutz in Mosigkau\"}]},{\"@type\":\"WebSite\",\"@id\":\"https:\\\/\\\/mosigkau-net.datel-dessau.de\\\/cms\\\/#website\",\"url\":\"https:\\\/\\\/mosigkau-net.datel-dessau.de\\\/cms\\\/\",\"name\":\"Mosigkau NET(T)\",\"description\":\"Informationen rund um Mosigkau\",\"publisher\":{\"@id\":\"https:\\\/\\\/mosigkau-net.datel-dessau.de\\\/cms\\\/#organization\"},\"potentialAction\":[{\"@type\":\"SearchAction\",\"target\":{\"@type\":\"EntryPoint\",\"urlTemplate\":\"https:\\\/\\\/mosigkau-net.datel-dessau.de\\\/cms\\\/?s={search_term_string}\"},\"query-input\":{\"@type\":\"PropertyValueSpecification\",\"valueRequired\":true,\"valueName\":\"search_term_string\"}}],\"inLanguage\":\"de\"},{\"@type\":\"Organization\",\"@id\":\"https:\\\/\\\/mosigkau-net.datel-dessau.de\\\/cms\\\/#organization\",\"name\":\"Mosigkau NET(T)\",\"url\":\"https:\\\/\\\/mosigkau-net.datel-dessau.de\\\/cms\\\/\",\"logo\":{\"@type\":\"ImageObject\",\"inLanguage\":\"de\",\"@id\":\"https:\\\/\\\/mosigkau-net.datel-dessau.de\\\/cms\\\/#\\\/schema\\\/logo\\\/image\\\/\",\"url\":\"https:\\\/\\\/mosigkau-net.datel-dessau.de\\\/cms\\\/cms\\\/wp-content\\\/uploads\\\/2021\\\/08\\\/wappen.png\",\"contentUrl\":\"https:\\\/\\\/mosigkau-net.datel-dessau.de\\\/cms\\\/cms\\\/wp-content\\\/uploads\\\/2021\\\/08\\\/wappen.png\",\"width\":512,\"height\":512,\"caption\":\"Mosigkau NET(T)\"},\"image\":{\"@id\":\"https:\\\/\\\/mosigkau-net.datel-dessau.de\\\/cms\\\/#\\\/schema\\\/logo\\\/image\\\/\"}},{\"@type\":\"Person\",\"@id\":\"https:\\\/\\\/mosigkau-net.datel-dessau.de\\\/cms\\\/#\\\/schema\\\/person\\\/2eb4a2cae570b3007fef9fcf558c062b\",\"name\":\"Jan Bresching\",\"url\":\"https:\\\/\\\/mosigkau-net.datel-dessau.de\\\/cms\\\/author\\\/bresching\\\/\"}]}<\/script>\n<!-- \/ Yoast SEO plugin. -->","yoast_head_json":{"title":"Solaranlagen und Denkmalschutz in Mosigkau - Mosigkau NET(T)","robots":{"index":"index","follow":"follow","max-snippet":"max-snippet:-1","max-image-preview":"max-image-preview:large","max-video-preview":"max-video-preview:-1"},"canonical":"https:\/\/mosigkau-net.datel-dessau.de\/cms\/solaranlagen-und-denkmalschutz-in-mosigkau\/","og_locale":"de_DE","og_type":"article","og_title":"Solaranlagen und Denkmalschutz in Mosigkau - Mosigkau NET(T)","og_description":"Wissenswertes \u00fcber Solaranlagen und Denkmalschutz In der Ortschaftsratssitzung am 29.10.2024 stellte ein B\u00fcrger eine Anfrage an","og_url":"https:\/\/mosigkau-net.datel-dessau.de\/cms\/solaranlagen-und-denkmalschutz-in-mosigkau\/","og_site_name":"Mosigkau NET(T)","article_published_time":"2025-02-05T14:24:41+00:00","article_modified_time":"2025-02-13T20:48:36+00:00","og_image":[{"width":400,"height":400,"url":"https:\/\/mosigkau-net.datel-dessau.de\/cms\/cms\/wp-content\/uploads\/2025\/02\/solar_denkmalschutz.jpeg","type":"image\/jpeg"}],"author":"Jan Bresching","twitter_card":"summary_large_image","twitter_misc":{"Verfasst von":"Jan Bresching","Gesch\u00e4tzte Lesezeit":"2\u00a0Minuten"},"schema":{"@context":"https:\/\/schema.org","@graph":[{"@type":"Article","@id":"https:\/\/mosigkau-net.datel-dessau.de\/cms\/solaranlagen-und-denkmalschutz-in-mosigkau\/#article","isPartOf":{"@id":"https:\/\/mosigkau-net.datel-dessau.de\/cms\/solaranlagen-und-denkmalschutz-in-mosigkau\/"},"author":{"name":"Jan Bresching","@id":"https:\/\/mosigkau-net.datel-dessau.de\/cms\/#\/schema\/person\/2eb4a2cae570b3007fef9fcf558c062b"},"headline":"Solaranlagen und Denkmalschutz in Mosigkau","datePublished":"2025-02-05T14:24:41+00:00","dateModified":"2025-02-13T20:48:36+00:00","mainEntityOfPage":{"@id":"https:\/\/mosigkau-net.datel-dessau.de\/cms\/solaranlagen-und-denkmalschutz-in-mosigkau\/"},"wordCount":172,"publisher":{"@id":"https:\/\/mosigkau-net.datel-dessau.de\/cms\/#organization"},"image":{"@id":"https:\/\/mosigkau-net.datel-dessau.de\/cms\/solaranlagen-und-denkmalschutz-in-mosigkau\/#primaryimage"},"thumbnailUrl":"https:\/\/mosigkau-net.datel-dessau.de\/cms\/wp-content\/uploads\/2025\/02\/solar_denkmalschutz.jpeg","articleSection":["Startseite"],"inLanguage":"de"},{"@type":"WebPage","@id":"https:\/\/mosigkau-net.datel-dessau.de\/cms\/solaranlagen-und-denkmalschutz-in-mosigkau\/","url":"https:\/\/mosigkau-net.datel-dessau.de\/cms\/solaranlagen-und-denkmalschutz-in-mosigkau\/","name":"Solaranlagen und Denkmalschutz in Mosigkau - Mosigkau NET(T)","isPartOf":{"@id":"https:\/\/mosigkau-net.datel-dessau.de\/cms\/#website"},"primaryImageOfPage":{"@id":"https:\/\/mosigkau-net.datel-dessau.de\/cms\/solaranlagen-und-denkmalschutz-in-mosigkau\/#primaryimage"},"image":{"@id":"https:\/\/mosigkau-net.datel-dessau.de\/cms\/solaranlagen-und-denkmalschutz-in-mosigkau\/#primaryimage"},"thumbnailUrl":"https:\/\/mosigkau-net.datel-dessau.de\/cms\/wp-content\/uploads\/2025\/02\/solar_denkmalschutz.jpeg","datePublished":"2025-02-05T14:24:41+00:00","dateModified":"2025-02-13T20:48:36+00:00","breadcrumb":{"@id":"https:\/\/mosigkau-net.datel-dessau.de\/cms\/solaranlagen-und-denkmalschutz-in-mosigkau\/#breadcrumb"},"inLanguage":"de","potentialAction":[{"@type":"ReadAction","target":["https:\/\/mosigkau-net.datel-dessau.de\/cms\/solaranlagen-und-denkmalschutz-in-mosigkau\/"]}]},{"@type":"ImageObject","inLanguage":"de","@id":"https:\/\/mosigkau-net.datel-dessau.de\/cms\/solaranlagen-und-denkmalschutz-in-mosigkau\/#primaryimage","url":"https:\/\/mosigkau-net.datel-dessau.de\/cms\/wp-content\/uploads\/2025\/02\/solar_denkmalschutz.jpeg","contentUrl":"https:\/\/mosigkau-net.datel-dessau.de\/cms\/wp-content\/uploads\/2025\/02\/solar_denkmalschutz.jpeg","width":400,"height":400},{"@type":"BreadcrumbList","@id":"https:\/\/mosigkau-net.datel-dessau.de\/cms\/solaranlagen-und-denkmalschutz-in-mosigkau\/#breadcrumb","itemListElement":[{"@type":"ListItem","position":1,"name":"Startseite","item":"https:\/\/mosigkau-net.datel-dessau.de\/cms\/"},{"@type":"ListItem","position":2,"name":"Solaranlagen und Denkmalschutz in Mosigkau"}]},{"@type":"WebSite","@id":"https:\/\/mosigkau-net.datel-dessau.de\/cms\/#website","url":"https:\/\/mosigkau-net.datel-dessau.de\/cms\/","name":"Mosigkau NET(T)","description":"Informationen rund um Mosigkau","publisher":{"@id":"https:\/\/mosigkau-net.datel-dessau.de\/cms\/#organization"},"potentialAction":[{"@type":"SearchAction","target":{"@type":"EntryPoint","urlTemplate":"https:\/\/mosigkau-net.datel-dessau.de\/cms\/?s={search_term_string}"},"query-input":{"@type":"PropertyValueSpecification","valueRequired":true,"valueName":"search_term_string"}}],"inLanguage":"de"},{"@type":"Organization","@id":"https:\/\/mosigkau-net.datel-dessau.de\/cms\/#organization","name":"Mosigkau NET(T)","url":"https:\/\/mosigkau-net.datel-dessau.de\/cms\/","logo":{"@type":"ImageObject","inLanguage":"de","@id":"https:\/\/mosigkau-net.datel-dessau.de\/cms\/#\/schema\/logo\/image\/","url":"https:\/\/mosigkau-net.datel-dessau.de\/cms\/cms\/wp-content\/uploads\/2021\/08\/wappen.png","contentUrl":"https:\/\/mosigkau-net.datel-dessau.de\/cms\/cms\/wp-content\/uploads\/2021\/08\/wappen.png","width":512,"height":512,"caption":"Mosigkau NET(T)"},"image":{"@id":"https:\/\/mosigkau-net.datel-dessau.de\/cms\/#\/schema\/logo\/image\/"}},{"@type":"Person","@id":"https:\/\/mosigkau-net.datel-dessau.de\/cms\/#\/schema\/person\/2eb4a2cae570b3007fef9fcf558c062b","name":"Jan Bresching","url":"https:\/\/mosigkau-net.datel-dessau.de\/cms\/author\/bresching\/"}]}},"publishpress_future_action":{"enabled":false,"date":"2026-09-09 11:31:29","action":"change-status","newStatus":"trash","terms":[],"taxonomy":"category","extraData":[]},"publishpress_future_workflow_manual_trigger":{"enabledWorkflows":[]},"_links":{"self":[{"href":"https:\/\/mosigkau-net.datel-dessau.de\/cms\/wp-json\/wp\/v2\/posts\/3456","targetHints":{"allow":["GET"]}}],"collection":[{"href":"https:\/\/mosigkau-net.datel-dessau.de\/cms\/wp-json\/wp\/v2\/posts"}],"about":[{"href":"https:\/\/mosigkau-net.datel-dessau.de\/cms\/wp-json\/wp\/v2\/types\/post"}],"author":[{"embeddable":true,"href":"https:\/\/mosigkau-net.datel-dessau.de\/cms\/wp-json\/wp\/v2\/users\/2"}],"replies":[{"embeddable":true,"href":"https:\/\/mosigkau-net.datel-dessau.de\/cms\/wp-json\/wp\/v2\/comments?post=3456"}],"version-history":[{"count":1,"href":"https:\/\/mosigkau-net.datel-dessau.de\/cms\/wp-json\/wp\/v2\/posts\/3456\/revisions"}],"predecessor-version":[{"id":3458,"href":"https:\/\/mosigkau-net.datel-dessau.de\/cms\/wp-json\/wp\/v2\/posts\/3456\/revisions\/3458"}],"wp:featuredmedia":[{"embeddable":true,"href":"https:\/\/mosigkau-net.datel-dessau.de\/cms\/wp-json\/wp\/v2\/media\/3457"}],"wp:attachment":[{"href":"https:\/\/mosigkau-net.datel-dessau.de\/cms\/wp-json\/wp\/v2\/media?parent=3456"}],"wp:term":[{"taxonomy":"category","embeddable":true,"href":"https:\/\/mosigkau-net.datel-dessau.de\/cms\/wp-json\/wp\/v2\/categories?post=3456"},{"taxonomy":"post_tag","embeddable":true,"href":"https:\/\/mosigkau-net.datel-dessau.de\/cms\/wp-json\/wp\/v2\/tags?post=3456"}],"curies":[{"name":"wp","href":"https:\/\/api.w.org\/{rel}","templated":true}]}}