{"id":4783,"date":"2026-07-04T09:57:27","date_gmt":"2026-07-04T08:57:27","guid":{"rendered":"https:\/\/www.mosigkau.net\/?p=4783"},"modified":"2026-07-04T10:02:59","modified_gmt":"2026-07-04T09:02:59","slug":"wahlhelfer-gesucht","status":"publish","type":"post","link":"https:\/\/mosigkau-net.datel-dessau.de\/cms\/wahlhelfer-gesucht\/","title":{"rendered":"Wahlhelfer gesucht"},"content":{"rendered":"<h2>Wahlhelfer f\u00fcr das Wahllokal in Mosigkau gesucht<\/h2>\n<p>Am Sonntag, den 6. September 2026, findet die Landtagswahl in Sachsen-Anhalt statt. Auch in Mosigkau wird wieder ein Wahllokal eingerichtet. Damit die Wahl ordnungsgem\u00e4\u00df durchgef\u00fchrt werden kann, sucht die Stadt Dessau-Ro\u00dflau noch ehrenamtliche Wahlhelfer.<\/p>\n<p>Die T\u00e4tigkeit beginnt am Wahltag im Wahllokal um 7:15 Uhr und endet nach der Ausz\u00e4hlung der Stimmen. F\u00fcr den Einsatz wird eine Aufwandspauschale gezahlt.<\/p>\n<p>Wer das Team im Wahllokal Mosigkau unterst\u00fctzen m\u00f6chte, kann sich beim Wahlamt der Stadt Dessau-Ro\u00dflau melden:<\/p>\n<p>Wahlamt der Stadt Dessau-Ro\u00dflau<br \/>\nZerbster Stra\u00dfe 4<br \/>\n06844 Dessau-Ro\u00dflau<\/p>\n<p>E-Mail: <a href=\"mailto:wahlhelfer@dessau-rosslau.de?subject=Wahlhelfer%20Mosigkau\">wahlhelfer@dessau-rosslau.de<\/a><\/p>\n","protected":false},"excerpt":{"rendered":"<p>Wahlhelfer f\u00fcr das Wahllokal in Mosigkau gesucht Am Sonntag, den 6. September 2026, findet die Landtagswahl<\/p>\n","protected":false},"author":2,"featured_media":4787,"comment_status":"closed","ping_status":"closed","sticky":false,"template":"","format":"standard","meta":{"footnotes":""},"categories":[14],"tags":[],"class_list":["post-4783","post","type-post","status-publish","format-standard","has-post-thumbnail","hentry","category-startseite"],"yoast_head":"<!-- This site is optimized with the Yoast SEO plugin v28.3 - https:\/\/yoast.com\/product\/yoast-seo-wordpress\/ -->\n<title>Wahlhelfer gesucht - Mosigkau NET(T)<\/title>\n<meta name=\"robots\" content=\"index, follow, max-snippet:-1, max-image-preview:large, max-video-preview:-1\" \/>\n<link rel=\"canonical\" href=\"https:\/\/mosigkau-net.datel-dessau.de\/cms\/wahlhelfer-gesucht\/\" \/>\n<meta property=\"og:locale\" content=\"de_DE\" \/>\n<meta property=\"og:type\" content=\"article\" \/>\n<meta property=\"og:title\" content=\"Wahlhelfer gesucht - Mosigkau NET(T)\" \/>\n<meta property=\"og:description\" content=\"Wahlhelfer f\u00fcr das Wahllokal in Mosigkau gesucht Am Sonntag, den 6. September 2026, findet die Landtagswahl\" \/>\n<meta property=\"og:url\" content=\"https:\/\/mosigkau-net.datel-dessau.de\/cms\/wahlhelfer-gesucht\/\" \/>\n<meta property=\"og:site_name\" content=\"Mosigkau NET(T)\" \/>\n<meta property=\"article:published_time\" content=\"2026-07-04T08:57:27+00:00\" \/>\n<meta property=\"article:modified_time\" content=\"2026-07-04T09:02:59+00:00\" \/>\n<meta property=\"og:image\" content=\"https:\/\/www.mosigkau.net\/cms\/wp-content\/uploads\/2026\/07\/landtagswahl.jpeg\" \/>\n\t<meta property=\"og:image:width\" content=\"400\" \/>\n\t<meta property=\"og:image:height\" content=\"400\" \/>\n\t<meta property=\"og:image:type\" content=\"image\/jpeg\" \/>\n<meta name=\"author\" content=\"Jan Bresching\" \/>\n<meta name=\"twitter:card\" content=\"summary_large_image\" \/>\n<meta name=\"twitter:label1\" content=\"Verfasst von\" \/>\n\t<meta name=\"twitter:data1\" content=\"Jan Bresching\" \/>\n\t<meta name=\"twitter:label2\" content=\"Gesch\u00e4tzte Lesezeit\" \/>\n\t<meta name=\"twitter:data2\" content=\"1\u00a0Minute\" \/>\n<script type=\"application\/ld+json\" class=\"yoast-schema-graph\">{\"@context\":\"https:\\\/\\\/schema.org\",\"@graph\":[{\"@type\":\"Article\",\"@id\":\"https:\\\/\\\/mosigkau-net.datel-dessau.de\\\/cms\\\/wahlhelfer-gesucht\\\/#article\",\"isPartOf\":{\"@id\":\"https:\\\/\\\/mosigkau-net.datel-dessau.de\\\/cms\\\/wahlhelfer-gesucht\\\/\"},\"author\":{\"name\":\"Jan Bresching\",\"@id\":\"https:\\\/\\\/mosigkau-net.datel-dessau.de\\\/cms\\\/#\\\/schema\\\/person\\\/2eb4a2cae570b3007fef9fcf558c062b\"},\"headline\":\"Wahlhelfer gesucht\",\"datePublished\":\"2026-07-04T08:57:27+00:00\",\"dateModified\":\"2026-07-04T09:02:59+00:00\",\"mainEntityOfPage\":{\"@id\":\"https:\\\/\\\/mosigkau-net.datel-dessau.de\\\/cms\\\/wahlhelfer-gesucht\\\/\"},\"wordCount\":103,\"publisher\":{\"@id\":\"https:\\\/\\\/mosigkau-net.datel-dessau.de\\\/cms\\\/#organization\"},\"image\":{\"@id\":\"https:\\\/\\\/mosigkau-net.datel-dessau.de\\\/cms\\\/wahlhelfer-gesucht\\\/#primaryimage\"},\"thumbnailUrl\":\"https:\\\/\\\/mosigkau-net.datel-dessau.de\\\/cms\\\/wp-content\\\/uploads\\\/2026\\\/07\\\/landtagswahl.jpeg\",\"articleSection\":[\"Startseite\"],\"inLanguage\":\"de\"},{\"@type\":\"WebPage\",\"@id\":\"https:\\\/\\\/mosigkau-net.datel-dessau.de\\\/cms\\\/wahlhelfer-gesucht\\\/\",\"url\":\"https:\\\/\\\/mosigkau-net.datel-dessau.de\\\/cms\\\/wahlhelfer-gesucht\\\/\",\"name\":\"Wahlhelfer gesucht - Mosigkau NET(T)\",\"isPartOf\":{\"@id\":\"https:\\\/\\\/mosigkau-net.datel-dessau.de\\\/cms\\\/#website\"},\"primaryImageOfPage\":{\"@id\":\"https:\\\/\\\/mosigkau-net.datel-dessau.de\\\/cms\\\/wahlhelfer-gesucht\\\/#primaryimage\"},\"image\":{\"@id\":\"https:\\\/\\\/mosigkau-net.datel-dessau.de\\\/cms\\\/wahlhelfer-gesucht\\\/#primaryimage\"},\"thumbnailUrl\":\"https:\\\/\\\/mosigkau-net.datel-dessau.de\\\/cms\\\/wp-content\\\/uploads\\\/2026\\\/07\\\/landtagswahl.jpeg\",\"datePublished\":\"2026-07-04T08:57:27+00:00\",\"dateModified\":\"2026-07-04T09:02:59+00:00\",\"breadcrumb\":{\"@id\":\"https:\\\/\\\/mosigkau-net.datel-dessau.de\\\/cms\\\/wahlhelfer-gesucht\\\/#breadcrumb\"},\"inLanguage\":\"de\",\"potentialAction\":[{\"@type\":\"ReadAction\",\"target\":[\"https:\\\/\\\/mosigkau-net.datel-dessau.de\\\/cms\\\/wahlhelfer-gesucht\\\/\"]}]},{\"@type\":\"ImageObject\",\"inLanguage\":\"de\",\"@id\":\"https:\\\/\\\/mosigkau-net.datel-dessau.de\\\/cms\\\/wahlhelfer-gesucht\\\/#primaryimage\",\"url\":\"https:\\\/\\\/mosigkau-net.datel-dessau.de\\\/cms\\\/wp-content\\\/uploads\\\/2026\\\/07\\\/landtagswahl.jpeg\",\"contentUrl\":\"https:\\\/\\\/mosigkau-net.datel-dessau.de\\\/cms\\\/wp-content\\\/uploads\\\/2026\\\/07\\\/landtagswahl.jpeg\",\"width\":400,\"height\":400},{\"@type\":\"BreadcrumbList\",\"@id\":\"https:\\\/\\\/mosigkau-net.datel-dessau.de\\\/cms\\\/wahlhelfer-gesucht\\\/#breadcrumb\",\"itemListElement\":[{\"@type\":\"ListItem\",\"position\":1,\"name\":\"Startseite\",\"item\":\"https:\\\/\\\/mosigkau-net.datel-dessau.de\\\/cms\\\/\"},{\"@type\":\"ListItem\",\"position\":2,\"name\":\"Wahlhelfer gesucht\"}]},{\"@type\":\"WebSite\",\"@id\":\"https:\\\/\\\/mosigkau-net.datel-dessau.de\\\/cms\\\/#website\",\"url\":\"https:\\\/\\\/mosigkau-net.datel-dessau.de\\\/cms\\\/\",\"name\":\"Mosigkau NET(T)\",\"description\":\"Informationen rund um Mosigkau\",\"publisher\":{\"@id\":\"https:\\\/\\\/mosigkau-net.datel-dessau.de\\\/cms\\\/#organization\"},\"potentialAction\":[{\"@type\":\"SearchAction\",\"target\":{\"@type\":\"EntryPoint\",\"urlTemplate\":\"https:\\\/\\\/mosigkau-net.datel-dessau.de\\\/cms\\\/?s={search_term_string}\"},\"query-input\":{\"@type\":\"PropertyValueSpecification\",\"valueRequired\":true,\"valueName\":\"search_term_string\"}}],\"inLanguage\":\"de\"},{\"@type\":\"Organization\",\"@id\":\"https:\\\/\\\/mosigkau-net.datel-dessau.de\\\/cms\\\/#organization\",\"name\":\"Mosigkau NET(T)\",\"url\":\"https:\\\/\\\/mosigkau-net.datel-dessau.de\\\/cms\\\/\",\"logo\":{\"@type\":\"ImageObject\",\"inLanguage\":\"de\",\"@id\":\"https:\\\/\\\/mosigkau-net.datel-dessau.de\\\/cms\\\/#\\\/schema\\\/logo\\\/image\\\/\",\"url\":\"https:\\\/\\\/mosigkau-net.datel-dessau.de\\\/cms\\\/cms\\\/wp-content\\\/uploads\\\/2021\\\/08\\\/wappen.png\",\"contentUrl\":\"https:\\\/\\\/mosigkau-net.datel-dessau.de\\\/cms\\\/cms\\\/wp-content\\\/uploads\\\/2021\\\/08\\\/wappen.png\",\"width\":512,\"height\":512,\"caption\":\"Mosigkau NET(T)\"},\"image\":{\"@id\":\"https:\\\/\\\/mosigkau-net.datel-dessau.de\\\/cms\\\/#\\\/schema\\\/logo\\\/image\\\/\"}},{\"@type\":\"Person\",\"@id\":\"https:\\\/\\\/mosigkau-net.datel-dessau.de\\\/cms\\\/#\\\/schema\\\/person\\\/2eb4a2cae570b3007fef9fcf558c062b\",\"name\":\"Jan Bresching\",\"url\":\"https:\\\/\\\/mosigkau-net.datel-dessau.de\\\/cms\\\/author\\\/bresching\\\/\"}]}<\/script>\n<!-- \/ Yoast SEO plugin. -->","yoast_head_json":{"title":"Wahlhelfer gesucht - Mosigkau NET(T)","robots":{"index":"index","follow":"follow","max-snippet":"max-snippet:-1","max-image-preview":"max-image-preview:large","max-video-preview":"max-video-preview:-1"},"canonical":"https:\/\/mosigkau-net.datel-dessau.de\/cms\/wahlhelfer-gesucht\/","og_locale":"de_DE","og_type":"article","og_title":"Wahlhelfer gesucht - Mosigkau NET(T)","og_description":"Wahlhelfer f\u00fcr das Wahllokal in Mosigkau gesucht Am Sonntag, den 6. September 2026, findet die Landtagswahl","og_url":"https:\/\/mosigkau-net.datel-dessau.de\/cms\/wahlhelfer-gesucht\/","og_site_name":"Mosigkau NET(T)","article_published_time":"2026-07-04T08:57:27+00:00","article_modified_time":"2026-07-04T09:02:59+00:00","og_image":[{"width":400,"height":400,"url":"https:\/\/www.mosigkau.net\/cms\/wp-content\/uploads\/2026\/07\/landtagswahl.jpeg","type":"image\/jpeg"}],"author":"Jan Bresching","twitter_card":"summary_large_image","twitter_misc":{"Verfasst von":"Jan Bresching","Gesch\u00e4tzte Lesezeit":"1\u00a0Minute"},"schema":{"@context":"https:\/\/schema.org","@graph":[{"@type":"Article","@id":"https:\/\/mosigkau-net.datel-dessau.de\/cms\/wahlhelfer-gesucht\/#article","isPartOf":{"@id":"https:\/\/mosigkau-net.datel-dessau.de\/cms\/wahlhelfer-gesucht\/"},"author":{"name":"Jan Bresching","@id":"https:\/\/mosigkau-net.datel-dessau.de\/cms\/#\/schema\/person\/2eb4a2cae570b3007fef9fcf558c062b"},"headline":"Wahlhelfer gesucht","datePublished":"2026-07-04T08:57:27+00:00","dateModified":"2026-07-04T09:02:59+00:00","mainEntityOfPage":{"@id":"https:\/\/mosigkau-net.datel-dessau.de\/cms\/wahlhelfer-gesucht\/"},"wordCount":103,"publisher":{"@id":"https:\/\/mosigkau-net.datel-dessau.de\/cms\/#organization"},"image":{"@id":"https:\/\/mosigkau-net.datel-dessau.de\/cms\/wahlhelfer-gesucht\/#primaryimage"},"thumbnailUrl":"https:\/\/mosigkau-net.datel-dessau.de\/cms\/wp-content\/uploads\/2026\/07\/landtagswahl.jpeg","articleSection":["Startseite"],"inLanguage":"de"},{"@type":"WebPage","@id":"https:\/\/mosigkau-net.datel-dessau.de\/cms\/wahlhelfer-gesucht\/","url":"https:\/\/mosigkau-net.datel-dessau.de\/cms\/wahlhelfer-gesucht\/","name":"Wahlhelfer gesucht - Mosigkau NET(T)","isPartOf":{"@id":"https:\/\/mosigkau-net.datel-dessau.de\/cms\/#website"},"primaryImageOfPage":{"@id":"https:\/\/mosigkau-net.datel-dessau.de\/cms\/wahlhelfer-gesucht\/#primaryimage"},"image":{"@id":"https:\/\/mosigkau-net.datel-dessau.de\/cms\/wahlhelfer-gesucht\/#primaryimage"},"thumbnailUrl":"https:\/\/mosigkau-net.datel-dessau.de\/cms\/wp-content\/uploads\/2026\/07\/landtagswahl.jpeg","datePublished":"2026-07-04T08:57:27+00:00","dateModified":"2026-07-04T09:02:59+00:00","breadcrumb":{"@id":"https:\/\/mosigkau-net.datel-dessau.de\/cms\/wahlhelfer-gesucht\/#breadcrumb"},"inLanguage":"de","potentialAction":[{"@type":"ReadAction","target":["https:\/\/mosigkau-net.datel-dessau.de\/cms\/wahlhelfer-gesucht\/"]}]},{"@type":"ImageObject","inLanguage":"de","@id":"https:\/\/mosigkau-net.datel-dessau.de\/cms\/wahlhelfer-gesucht\/#primaryimage","url":"https:\/\/mosigkau-net.datel-dessau.de\/cms\/wp-content\/uploads\/2026\/07\/landtagswahl.jpeg","contentUrl":"https:\/\/mosigkau-net.datel-dessau.de\/cms\/wp-content\/uploads\/2026\/07\/landtagswahl.jpeg","width":400,"height":400},{"@type":"BreadcrumbList","@id":"https:\/\/mosigkau-net.datel-dessau.de\/cms\/wahlhelfer-gesucht\/#breadcrumb","itemListElement":[{"@type":"ListItem","position":1,"name":"Startseite","item":"https:\/\/mosigkau-net.datel-dessau.de\/cms\/"},{"@type":"ListItem","position":2,"name":"Wahlhelfer gesucht"}]},{"@type":"WebSite","@id":"https:\/\/mosigkau-net.datel-dessau.de\/cms\/#website","url":"https:\/\/mosigkau-net.datel-dessau.de\/cms\/","name":"Mosigkau NET(T)","description":"Informationen rund um Mosigkau","publisher":{"@id":"https:\/\/mosigkau-net.datel-dessau.de\/cms\/#organization"},"potentialAction":[{"@type":"SearchAction","target":{"@type":"EntryPoint","urlTemplate":"https:\/\/mosigkau-net.datel-dessau.de\/cms\/?s={search_term_string}"},"query-input":{"@type":"PropertyValueSpecification","valueRequired":true,"valueName":"search_term_string"}}],"inLanguage":"de"},{"@type":"Organization","@id":"https:\/\/mosigkau-net.datel-dessau.de\/cms\/#organization","name":"Mosigkau NET(T)","url":"https:\/\/mosigkau-net.datel-dessau.de\/cms\/","logo":{"@type":"ImageObject","inLanguage":"de","@id":"https:\/\/mosigkau-net.datel-dessau.de\/cms\/#\/schema\/logo\/image\/","url":"https:\/\/mosigkau-net.datel-dessau.de\/cms\/cms\/wp-content\/uploads\/2021\/08\/wappen.png","contentUrl":"https:\/\/mosigkau-net.datel-dessau.de\/cms\/cms\/wp-content\/uploads\/2021\/08\/wappen.png","width":512,"height":512,"caption":"Mosigkau NET(T)"},"image":{"@id":"https:\/\/mosigkau-net.datel-dessau.de\/cms\/#\/schema\/logo\/image\/"}},{"@type":"Person","@id":"https:\/\/mosigkau-net.datel-dessau.de\/cms\/#\/schema\/person\/2eb4a2cae570b3007fef9fcf558c062b","name":"Jan Bresching","url":"https:\/\/mosigkau-net.datel-dessau.de\/cms\/author\/bresching\/"}]}},"publishpress_future_action":{"enabled":false,"date":"2026-09-09 11:31:28","action":"change-status","newStatus":"trash","terms":[],"taxonomy":"category","extraData":[]},"publishpress_future_workflow_manual_trigger":{"enabledWorkflows":[]},"_links":{"self":[{"href":"https:\/\/mosigkau-net.datel-dessau.de\/cms\/wp-json\/wp\/v2\/posts\/4783","targetHints":{"allow":["GET"]}}],"collection":[{"href":"https:\/\/mosigkau-net.datel-dessau.de\/cms\/wp-json\/wp\/v2\/posts"}],"about":[{"href":"https:\/\/mosigkau-net.datel-dessau.de\/cms\/wp-json\/wp\/v2\/types\/post"}],"author":[{"embeddable":true,"href":"https:\/\/mosigkau-net.datel-dessau.de\/cms\/wp-json\/wp\/v2\/users\/2"}],"replies":[{"embeddable":true,"href":"https:\/\/mosigkau-net.datel-dessau.de\/cms\/wp-json\/wp\/v2\/comments?post=4783"}],"version-history":[{"count":2,"href":"https:\/\/mosigkau-net.datel-dessau.de\/cms\/wp-json\/wp\/v2\/posts\/4783\/revisions"}],"predecessor-version":[{"id":4786,"href":"https:\/\/mosigkau-net.datel-dessau.de\/cms\/wp-json\/wp\/v2\/posts\/4783\/revisions\/4786"}],"wp:featuredmedia":[{"embeddable":true,"href":"https:\/\/mosigkau-net.datel-dessau.de\/cms\/wp-json\/wp\/v2\/media\/4787"}],"wp:attachment":[{"href":"https:\/\/mosigkau-net.datel-dessau.de\/cms\/wp-json\/wp\/v2\/media?parent=4783"}],"wp:term":[{"taxonomy":"category","embeddable":true,"href":"https:\/\/mosigkau-net.datel-dessau.de\/cms\/wp-json\/wp\/v2\/categories?post=4783"},{"taxonomy":"post_tag","embeddable":true,"href":"https:\/\/mosigkau-net.datel-dessau.de\/cms\/wp-json\/wp\/v2\/tags?post=4783"}],"curies":[{"name":"wp","href":"https:\/\/api.w.org\/{rel}","templated":true}]}}