{"id":4864,"date":"2026-08-29T10:16:24","date_gmt":"2026-08-29T09:16:24","guid":{"rendered":"https:\/\/www.mosigkau.net\/?p=4864"},"modified":"2026-08-29T10:16:24","modified_gmt":"2026-08-29T09:16:24","slug":"sanierung-kavalierhaus-schloss-mosigkau","status":"publish","type":"post","link":"https:\/\/mosigkau-net.datel-dessau.de\/cms\/sanierung-kavalierhaus-schloss-mosigkau\/","title":{"rendered":"Sanierung Kavalierhaus Schloss Mosigkau"},"content":{"rendered":"<h2>Ein wichtiger Schritt f\u00fcr Schloss Mosigkau \u2013 und f\u00fcr unsere gemeinsame Zukunft<\/h2>\n<p>Gestern wurde in einem kleinen, feierlichen Rahmen der Genehmigungsbescheid f\u00fcr die Sanierung des Westlichen Kavalierhauses unseres Schlosses Mosigkau an die Kulturstiftung Dessau-W\u00f6rlitz \u00fcbergeben.<\/p>\n<p>\u00dcberreicht wurde der Bescheid durch Dr. Wolfram Weimer, Beauftragter der Bundesregierung f\u00fcr Kultur und Medien, und Rainer Robra, Minister f\u00fcr Kultur und Chef der Staatskanzlei des Landes Sachsen-Anhalt.<\/p>\n<p>Mit der Sanierung des Westlichen Kavalierhauses beginnt ein weiterer wichtiger Abschnitt f\u00fcr die nachhaltige Sicherung und Entwicklung des Schlossensembles Mosigkau. Im Rahmen des Masterplans Bau- und Gartendenkmalpflege soll hier in den kommenden Jahren ein neuer Eingangsort zum Schloss, ein Servicepunkt und ein Lernraum entstehen.<\/p>\n<p>Besonders eindrucksvoll ist dabei auch der Blick auf die anstehenden Investitionen: F\u00fcr die Sanierung des Kavalierpavillons werden rund 5,1 Millionen Euro investiert. Damit wird ein weiterer wichtiger Teil des historischen Schlossensembles f\u00fcr die Zukunft gesichert und weiterentwickelt.<\/p>\n<p>Ein Satz von Kulturminister Rainer Robra bringt die Bedeutung des Masterplans dabei besonders treffend auf den Punkt:<\/p>\n<p>\u201eDer Masterplan ist weit mehr als ein Investitionsprogramm. Es ist ein Bekenntnis dazu, das kulturelle Erbe, das uns anvertraut ist, nicht nur zu erhalten, sondern es lebendig zu bewahren und f\u00fcr die Zukunft zu st\u00e4rken.\u201c<\/p>\n<p>Nach sehr wertsch\u00e4tzenden und interessanten Reden der Vertreter von Bund und Land, der Kulturstiftung, von Dr. Meller sowie des Oberb\u00fcrgermeisters der Stadt Dessau-Ro\u00dflau, Dr. Reck, gab es anschlie\u00dfend eine kleine F\u00fchrung durch das Schloss. Zahlreiche \u00f6ffentliche F\u00fchrungen im Park und im Kavalierpavillon informierten au\u00dferdem \u00fcber die bevorstehenden Projekte und die n\u00e4chsten Schritte.<\/p>\n<p>Auch Vertreter des Ortschaftsrates sowie der Vorstand des Vereins Schrot und Korn waren als geladene G\u00e4ste dabei.<\/p>\n<p>F\u00fcr uns als Verein Schrot und Korn ist diese Entwicklung besonders sch\u00f6n zu erleben. Der Verein arbeitet bereits seit einigen Jahren eng und vertrauensvoll mit der Kulturstiftung Dessau-W\u00f6rlitz zusammen \u2013 unter anderem bei der Genussmesse und dem Wilhelminenfest. Gleichzeitig unterst\u00fctzen und bewerben sie Veranstaltungen im Schloss und m\u00f6chten damit einen Beitrag dazu leisten, dass Schloss Mosigkau und seine vielf\u00e4ltigen Angebote noch st\u00e4rker in der Region wahrgenommen werden.<\/p>\n<p>Wie viel durch gemeinsames Engagement m\u00f6glich ist, hat nicht zuletzt die MDR-Show \u201eHol dir deine Show\u201c gezeigt, die im Ehrenhof von Schloss Mosigkau stattfinden konnte. Sie war ein wunderbares Beispiel daf\u00fcr, was eine gute Zusammenarbeit, gegenseitige Unterst\u00fctzung und vor allem der Zusammenhalt der Vereine und Anwohner in Mosigkau bewegen und erreichen k\u00f6nnen.<\/p>\n<p>Umso mehr freuen wir uns darauf, die kommenden Sanierungsarbeiten begleiten zu d\u00fcrfen. Die Arbeiten sollen voraussichtlich bis Ende 2028 abgeschlossen sein.<\/p>\n<p>Wir sind gespannt auf das, was entsteht, und freuen uns schon heute darauf, wenn unser Schlossensemble danach wieder ein St\u00fcck mehr strahlen kann.<\/p>\n","protected":false},"excerpt":{"rendered":"<p>Ein wichtiger Schritt f\u00fcr Schloss Mosigkau \u2013 und f\u00fcr unsere gemeinsame Zukunft Gestern wurde in einem<\/p>\n","protected":false},"author":2,"featured_media":4865,"comment_status":"closed","ping_status":"closed","sticky":false,"template":"","format":"standard","meta":{"footnotes":""},"categories":[14],"tags":[],"class_list":["post-4864","post","type-post","status-publish","format-standard","has-post-thumbnail","hentry","category-startseite"],"yoast_head":"<!-- This site is optimized with the Yoast SEO plugin v28.3 - https:\/\/yoast.com\/product\/yoast-seo-wordpress\/ -->\n<title>Sanierung Kavalierhaus Schloss Mosigkau - Mosigkau NET(T)<\/title>\n<meta name=\"robots\" content=\"index, follow, max-snippet:-1, max-image-preview:large, max-video-preview:-1\" \/>\n<link rel=\"canonical\" href=\"https:\/\/mosigkau-net.datel-dessau.de\/cms\/sanierung-kavalierhaus-schloss-mosigkau\/\" \/>\n<meta property=\"og:locale\" content=\"de_DE\" \/>\n<meta property=\"og:type\" content=\"article\" \/>\n<meta property=\"og:title\" content=\"Sanierung Kavalierhaus Schloss Mosigkau - Mosigkau NET(T)\" \/>\n<meta property=\"og:description\" content=\"Ein wichtiger Schritt f\u00fcr Schloss Mosigkau \u2013 und f\u00fcr unsere gemeinsame Zukunft Gestern wurde in einem\" \/>\n<meta property=\"og:url\" content=\"https:\/\/mosigkau-net.datel-dessau.de\/cms\/sanierung-kavalierhaus-schloss-mosigkau\/\" \/>\n<meta property=\"og:site_name\" content=\"Mosigkau NET(T)\" \/>\n<meta property=\"article:published_time\" content=\"2026-08-29T09:16:24+00:00\" \/>\n<meta property=\"og:image\" content=\"https:\/\/www.mosigkau.net\/cms\/wp-content\/uploads\/2026\/08\/schloss_zuschuss.jpeg\" \/>\n\t<meta property=\"og:image:width\" content=\"345\" \/>\n\t<meta property=\"og:image:height\" content=\"345\" \/>\n\t<meta property=\"og:image:type\" content=\"image\/jpeg\" \/>\n<meta name=\"author\" content=\"Jan Bresching\" \/>\n<meta name=\"twitter:card\" content=\"summary_large_image\" \/>\n<meta name=\"twitter:label1\" content=\"Verfasst von\" \/>\n\t<meta name=\"twitter:data1\" content=\"Jan Bresching\" \/>\n\t<meta name=\"twitter:label2\" content=\"Gesch\u00e4tzte Lesezeit\" \/>\n\t<meta name=\"twitter:data2\" content=\"3\u00a0Minuten\" \/>\n<script type=\"application\/ld+json\" class=\"yoast-schema-graph\">{\"@context\":\"https:\\\/\\\/schema.org\",\"@graph\":[{\"@type\":\"Article\",\"@id\":\"https:\\\/\\\/mosigkau-net.datel-dessau.de\\\/cms\\\/sanierung-kavalierhaus-schloss-mosigkau\\\/#article\",\"isPartOf\":{\"@id\":\"https:\\\/\\\/mosigkau-net.datel-dessau.de\\\/cms\\\/sanierung-kavalierhaus-schloss-mosigkau\\\/\"},\"author\":{\"name\":\"Jan Bresching\",\"@id\":\"https:\\\/\\\/mosigkau-net.datel-dessau.de\\\/cms\\\/#\\\/schema\\\/person\\\/2eb4a2cae570b3007fef9fcf558c062b\"},\"headline\":\"Sanierung Kavalierhaus Schloss Mosigkau\",\"datePublished\":\"2026-08-29T09:16:24+00:00\",\"mainEntityOfPage\":{\"@id\":\"https:\\\/\\\/mosigkau-net.datel-dessau.de\\\/cms\\\/sanierung-kavalierhaus-schloss-mosigkau\\\/\"},\"wordCount\":461,\"publisher\":{\"@id\":\"https:\\\/\\\/mosigkau-net.datel-dessau.de\\\/cms\\\/#organization\"},\"image\":{\"@id\":\"https:\\\/\\\/mosigkau-net.datel-dessau.de\\\/cms\\\/sanierung-kavalierhaus-schloss-mosigkau\\\/#primaryimage\"},\"thumbnailUrl\":\"https:\\\/\\\/mosigkau-net.datel-dessau.de\\\/cms\\\/wp-content\\\/uploads\\\/2026\\\/08\\\/schloss_zuschuss.jpeg\",\"articleSection\":[\"Startseite\"],\"inLanguage\":\"de\"},{\"@type\":\"WebPage\",\"@id\":\"https:\\\/\\\/mosigkau-net.datel-dessau.de\\\/cms\\\/sanierung-kavalierhaus-schloss-mosigkau\\\/\",\"url\":\"https:\\\/\\\/mosigkau-net.datel-dessau.de\\\/cms\\\/sanierung-kavalierhaus-schloss-mosigkau\\\/\",\"name\":\"Sanierung Kavalierhaus Schloss Mosigkau - Mosigkau NET(T)\",\"isPartOf\":{\"@id\":\"https:\\\/\\\/mosigkau-net.datel-dessau.de\\\/cms\\\/#website\"},\"primaryImageOfPage\":{\"@id\":\"https:\\\/\\\/mosigkau-net.datel-dessau.de\\\/cms\\\/sanierung-kavalierhaus-schloss-mosigkau\\\/#primaryimage\"},\"image\":{\"@id\":\"https:\\\/\\\/mosigkau-net.datel-dessau.de\\\/cms\\\/sanierung-kavalierhaus-schloss-mosigkau\\\/#primaryimage\"},\"thumbnailUrl\":\"https:\\\/\\\/mosigkau-net.datel-dessau.de\\\/cms\\\/wp-content\\\/uploads\\\/2026\\\/08\\\/schloss_zuschuss.jpeg\",\"datePublished\":\"2026-08-29T09:16:24+00:00\",\"breadcrumb\":{\"@id\":\"https:\\\/\\\/mosigkau-net.datel-dessau.de\\\/cms\\\/sanierung-kavalierhaus-schloss-mosigkau\\\/#breadcrumb\"},\"inLanguage\":\"de\",\"potentialAction\":[{\"@type\":\"ReadAction\",\"target\":[\"https:\\\/\\\/mosigkau-net.datel-dessau.de\\\/cms\\\/sanierung-kavalierhaus-schloss-mosigkau\\\/\"]}]},{\"@type\":\"ImageObject\",\"inLanguage\":\"de\",\"@id\":\"https:\\\/\\\/mosigkau-net.datel-dessau.de\\\/cms\\\/sanierung-kavalierhaus-schloss-mosigkau\\\/#primaryimage\",\"url\":\"https:\\\/\\\/mosigkau-net.datel-dessau.de\\\/cms\\\/wp-content\\\/uploads\\\/2026\\\/08\\\/schloss_zuschuss.jpeg\",\"contentUrl\":\"https:\\\/\\\/mosigkau-net.datel-dessau.de\\\/cms\\\/wp-content\\\/uploads\\\/2026\\\/08\\\/schloss_zuschuss.jpeg\",\"width\":345,\"height\":345},{\"@type\":\"BreadcrumbList\",\"@id\":\"https:\\\/\\\/mosigkau-net.datel-dessau.de\\\/cms\\\/sanierung-kavalierhaus-schloss-mosigkau\\\/#breadcrumb\",\"itemListElement\":[{\"@type\":\"ListItem\",\"position\":1,\"name\":\"Startseite\",\"item\":\"https:\\\/\\\/mosigkau-net.datel-dessau.de\\\/cms\\\/\"},{\"@type\":\"ListItem\",\"position\":2,\"name\":\"Sanierung Kavalierhaus Schloss Mosigkau\"}]},{\"@type\":\"WebSite\",\"@id\":\"https:\\\/\\\/mosigkau-net.datel-dessau.de\\\/cms\\\/#website\",\"url\":\"https:\\\/\\\/mosigkau-net.datel-dessau.de\\\/cms\\\/\",\"name\":\"Mosigkau NET(T)\",\"description\":\"Informationen rund um Mosigkau\",\"publisher\":{\"@id\":\"https:\\\/\\\/mosigkau-net.datel-dessau.de\\\/cms\\\/#organization\"},\"potentialAction\":[{\"@type\":\"SearchAction\",\"target\":{\"@type\":\"EntryPoint\",\"urlTemplate\":\"https:\\\/\\\/mosigkau-net.datel-dessau.de\\\/cms\\\/?s={search_term_string}\"},\"query-input\":{\"@type\":\"PropertyValueSpecification\",\"valueRequired\":true,\"valueName\":\"search_term_string\"}}],\"inLanguage\":\"de\"},{\"@type\":\"Organization\",\"@id\":\"https:\\\/\\\/mosigkau-net.datel-dessau.de\\\/cms\\\/#organization\",\"name\":\"Mosigkau NET(T)\",\"url\":\"https:\\\/\\\/mosigkau-net.datel-dessau.de\\\/cms\\\/\",\"logo\":{\"@type\":\"ImageObject\",\"inLanguage\":\"de\",\"@id\":\"https:\\\/\\\/mosigkau-net.datel-dessau.de\\\/cms\\\/#\\\/schema\\\/logo\\\/image\\\/\",\"url\":\"https:\\\/\\\/mosigkau-net.datel-dessau.de\\\/cms\\\/cms\\\/wp-content\\\/uploads\\\/2021\\\/08\\\/wappen.png\",\"contentUrl\":\"https:\\\/\\\/mosigkau-net.datel-dessau.de\\\/cms\\\/cms\\\/wp-content\\\/uploads\\\/2021\\\/08\\\/wappen.png\",\"width\":512,\"height\":512,\"caption\":\"Mosigkau NET(T)\"},\"image\":{\"@id\":\"https:\\\/\\\/mosigkau-net.datel-dessau.de\\\/cms\\\/#\\\/schema\\\/logo\\\/image\\\/\"}},{\"@type\":\"Person\",\"@id\":\"https:\\\/\\\/mosigkau-net.datel-dessau.de\\\/cms\\\/#\\\/schema\\\/person\\\/2eb4a2cae570b3007fef9fcf558c062b\",\"name\":\"Jan Bresching\",\"url\":\"https:\\\/\\\/mosigkau-net.datel-dessau.de\\\/cms\\\/author\\\/bresching\\\/\"}]}<\/script>\n<!-- \/ Yoast SEO plugin. -->","yoast_head_json":{"title":"Sanierung Kavalierhaus Schloss Mosigkau - Mosigkau NET(T)","robots":{"index":"index","follow":"follow","max-snippet":"max-snippet:-1","max-image-preview":"max-image-preview:large","max-video-preview":"max-video-preview:-1"},"canonical":"https:\/\/mosigkau-net.datel-dessau.de\/cms\/sanierung-kavalierhaus-schloss-mosigkau\/","og_locale":"de_DE","og_type":"article","og_title":"Sanierung Kavalierhaus Schloss Mosigkau - Mosigkau NET(T)","og_description":"Ein wichtiger Schritt f\u00fcr Schloss Mosigkau \u2013 und f\u00fcr unsere gemeinsame Zukunft Gestern wurde in einem","og_url":"https:\/\/mosigkau-net.datel-dessau.de\/cms\/sanierung-kavalierhaus-schloss-mosigkau\/","og_site_name":"Mosigkau NET(T)","article_published_time":"2026-08-29T09:16:24+00:00","og_image":[{"width":345,"height":345,"url":"https:\/\/www.mosigkau.net\/cms\/wp-content\/uploads\/2026\/08\/schloss_zuschuss.jpeg","type":"image\/jpeg"}],"author":"Jan Bresching","twitter_card":"summary_large_image","twitter_misc":{"Verfasst von":"Jan Bresching","Gesch\u00e4tzte Lesezeit":"3\u00a0Minuten"},"schema":{"@context":"https:\/\/schema.org","@graph":[{"@type":"Article","@id":"https:\/\/mosigkau-net.datel-dessau.de\/cms\/sanierung-kavalierhaus-schloss-mosigkau\/#article","isPartOf":{"@id":"https:\/\/mosigkau-net.datel-dessau.de\/cms\/sanierung-kavalierhaus-schloss-mosigkau\/"},"author":{"name":"Jan Bresching","@id":"https:\/\/mosigkau-net.datel-dessau.de\/cms\/#\/schema\/person\/2eb4a2cae570b3007fef9fcf558c062b"},"headline":"Sanierung Kavalierhaus Schloss Mosigkau","datePublished":"2026-08-29T09:16:24+00:00","mainEntityOfPage":{"@id":"https:\/\/mosigkau-net.datel-dessau.de\/cms\/sanierung-kavalierhaus-schloss-mosigkau\/"},"wordCount":461,"publisher":{"@id":"https:\/\/mosigkau-net.datel-dessau.de\/cms\/#organization"},"image":{"@id":"https:\/\/mosigkau-net.datel-dessau.de\/cms\/sanierung-kavalierhaus-schloss-mosigkau\/#primaryimage"},"thumbnailUrl":"https:\/\/mosigkau-net.datel-dessau.de\/cms\/wp-content\/uploads\/2026\/08\/schloss_zuschuss.jpeg","articleSection":["Startseite"],"inLanguage":"de"},{"@type":"WebPage","@id":"https:\/\/mosigkau-net.datel-dessau.de\/cms\/sanierung-kavalierhaus-schloss-mosigkau\/","url":"https:\/\/mosigkau-net.datel-dessau.de\/cms\/sanierung-kavalierhaus-schloss-mosigkau\/","name":"Sanierung Kavalierhaus Schloss Mosigkau - Mosigkau NET(T)","isPartOf":{"@id":"https:\/\/mosigkau-net.datel-dessau.de\/cms\/#website"},"primaryImageOfPage":{"@id":"https:\/\/mosigkau-net.datel-dessau.de\/cms\/sanierung-kavalierhaus-schloss-mosigkau\/#primaryimage"},"image":{"@id":"https:\/\/mosigkau-net.datel-dessau.de\/cms\/sanierung-kavalierhaus-schloss-mosigkau\/#primaryimage"},"thumbnailUrl":"https:\/\/mosigkau-net.datel-dessau.de\/cms\/wp-content\/uploads\/2026\/08\/schloss_zuschuss.jpeg","datePublished":"2026-08-29T09:16:24+00:00","breadcrumb":{"@id":"https:\/\/mosigkau-net.datel-dessau.de\/cms\/sanierung-kavalierhaus-schloss-mosigkau\/#breadcrumb"},"inLanguage":"de","potentialAction":[{"@type":"ReadAction","target":["https:\/\/mosigkau-net.datel-dessau.de\/cms\/sanierung-kavalierhaus-schloss-mosigkau\/"]}]},{"@type":"ImageObject","inLanguage":"de","@id":"https:\/\/mosigkau-net.datel-dessau.de\/cms\/sanierung-kavalierhaus-schloss-mosigkau\/#primaryimage","url":"https:\/\/mosigkau-net.datel-dessau.de\/cms\/wp-content\/uploads\/2026\/08\/schloss_zuschuss.jpeg","contentUrl":"https:\/\/mosigkau-net.datel-dessau.de\/cms\/wp-content\/uploads\/2026\/08\/schloss_zuschuss.jpeg","width":345,"height":345},{"@type":"BreadcrumbList","@id":"https:\/\/mosigkau-net.datel-dessau.de\/cms\/sanierung-kavalierhaus-schloss-mosigkau\/#breadcrumb","itemListElement":[{"@type":"ListItem","position":1,"name":"Startseite","item":"https:\/\/mosigkau-net.datel-dessau.de\/cms\/"},{"@type":"ListItem","position":2,"name":"Sanierung Kavalierhaus Schloss Mosigkau"}]},{"@type":"WebSite","@id":"https:\/\/mosigkau-net.datel-dessau.de\/cms\/#website","url":"https:\/\/mosigkau-net.datel-dessau.de\/cms\/","name":"Mosigkau NET(T)","description":"Informationen rund um Mosigkau","publisher":{"@id":"https:\/\/mosigkau-net.datel-dessau.de\/cms\/#organization"},"potentialAction":[{"@type":"SearchAction","target":{"@type":"EntryPoint","urlTemplate":"https:\/\/mosigkau-net.datel-dessau.de\/cms\/?s={search_term_string}"},"query-input":{"@type":"PropertyValueSpecification","valueRequired":true,"valueName":"search_term_string"}}],"inLanguage":"de"},{"@type":"Organization","@id":"https:\/\/mosigkau-net.datel-dessau.de\/cms\/#organization","name":"Mosigkau NET(T)","url":"https:\/\/mosigkau-net.datel-dessau.de\/cms\/","logo":{"@type":"ImageObject","inLanguage":"de","@id":"https:\/\/mosigkau-net.datel-dessau.de\/cms\/#\/schema\/logo\/image\/","url":"https:\/\/mosigkau-net.datel-dessau.de\/cms\/cms\/wp-content\/uploads\/2021\/08\/wappen.png","contentUrl":"https:\/\/mosigkau-net.datel-dessau.de\/cms\/cms\/wp-content\/uploads\/2021\/08\/wappen.png","width":512,"height":512,"caption":"Mosigkau NET(T)"},"image":{"@id":"https:\/\/mosigkau-net.datel-dessau.de\/cms\/#\/schema\/logo\/image\/"}},{"@type":"Person","@id":"https:\/\/mosigkau-net.datel-dessau.de\/cms\/#\/schema\/person\/2eb4a2cae570b3007fef9fcf558c062b","name":"Jan Bresching","url":"https:\/\/mosigkau-net.datel-dessau.de\/cms\/author\/bresching\/"}]}},"publishpress_future_action":{"enabled":false,"date":"2026-09-09 10:26:17","action":"change-status","newStatus":"trash","terms":[],"taxonomy":"category","extraData":[]},"publishpress_future_workflow_manual_trigger":{"enabledWorkflows":[]},"_links":{"self":[{"href":"https:\/\/mosigkau-net.datel-dessau.de\/cms\/wp-json\/wp\/v2\/posts\/4864","targetHints":{"allow":["GET"]}}],"collection":[{"href":"https:\/\/mosigkau-net.datel-dessau.de\/cms\/wp-json\/wp\/v2\/posts"}],"about":[{"href":"https:\/\/mosigkau-net.datel-dessau.de\/cms\/wp-json\/wp\/v2\/types\/post"}],"author":[{"embeddable":true,"href":"https:\/\/mosigkau-net.datel-dessau.de\/cms\/wp-json\/wp\/v2\/users\/2"}],"replies":[{"embeddable":true,"href":"https:\/\/mosigkau-net.datel-dessau.de\/cms\/wp-json\/wp\/v2\/comments?post=4864"}],"version-history":[{"count":1,"href":"https:\/\/mosigkau-net.datel-dessau.de\/cms\/wp-json\/wp\/v2\/posts\/4864\/revisions"}],"predecessor-version":[{"id":4866,"href":"https:\/\/mosigkau-net.datel-dessau.de\/cms\/wp-json\/wp\/v2\/posts\/4864\/revisions\/4866"}],"wp:featuredmedia":[{"embeddable":true,"href":"https:\/\/mosigkau-net.datel-dessau.de\/cms\/wp-json\/wp\/v2\/media\/4865"}],"wp:attachment":[{"href":"https:\/\/mosigkau-net.datel-dessau.de\/cms\/wp-json\/wp\/v2\/media?parent=4864"}],"wp:term":[{"taxonomy":"category","embeddable":true,"href":"https:\/\/mosigkau-net.datel-dessau.de\/cms\/wp-json\/wp\/v2\/categories?post=4864"},{"taxonomy":"post_tag","embeddable":true,"href":"https:\/\/mosigkau-net.datel-dessau.de\/cms\/wp-json\/wp\/v2\/tags?post=4864"}],"curies":[{"name":"wp","href":"https:\/\/api.w.org\/{rel}","templated":true}]}}